{"id":1115,"date":"2015-04-16T11:15:09","date_gmt":"2015-04-16T11:15:09","guid":{"rendered":"https:\/\/bos-scheyern.de\/bo\/?p=1115"},"modified":"2015-06-19T08:47:08","modified_gmt":"2015-06-19T08:47:08","slug":"die-bundesbank-zu-gast","status":"publish","type":"post","link":"https:\/\/bos-scheyern.de\/bo\/?p=1115","title":{"rendered":"Die Bundesbank zu Gast"},"content":{"rendered":"<p>Am 12.02.2015 hielt Helmut Wahl vom Stab des Pr\u00e4sidenten der Deutschen Bundesbank zum zweiten Mal vor den Sch\u00fclern der Fachrichtung Wirtschaft einen Vortrag zum Thema: \u201eDie europ\u00e4ische Geldpolitik im Zeichen von Finanz- und Staatsschuldenkrise\u201c.<\/p>\n<figure id=\"attachment_1117\" aria-describedby=\"caption-attachment-1117\" style=\"width: 375px\" class=\"wp-caption alignright\"><a href=\"https:\/\/bos-scheyern.de\/bo\/wp-content\/uploads\/2015\/03\/Bundesbank.jpg\"><img loading=\"lazy\" class=\" wp-image-1117\" src=\"https:\/\/bos-scheyern.de\/bo\/wp-content\/uploads\/2015\/03\/Bundesbank-300x120.jpg\" alt=\"Helmut Wahl w\u00e4hrend des Vortrages am 12.02.1015\" width=\"375\" height=\"150\" srcset=\"https:\/\/bos-scheyern.de\/bo\/wp-content\/uploads\/2015\/03\/Bundesbank-300x120.jpg 300w, https:\/\/bos-scheyern.de\/bo\/wp-content\/uploads\/2015\/03\/Bundesbank-768x308.jpg 768w, https:\/\/bos-scheyern.de\/bo\/wp-content\/uploads\/2015\/03\/Bundesbank-1024x411.jpg 1024w, https:\/\/bos-scheyern.de\/bo\/wp-content\/uploads\/2015\/03\/Bundesbank.jpg 1187w\" sizes=\"(max-width: 375px) 100vw, 375px\" \/><\/a><figcaption id=\"caption-attachment-1117\" class=\"wp-caption-text\">Helmut Wahl w\u00e4hrend des Vortrages am 12.02.1015<\/figcaption><\/figure>\n<p>Dabei erl\u00e4uterte er neben den Aufgaben der Deutschen Bundesbank im System der Europ\u00e4ischen Zentralbanken auch die Strategien der EZB hinsichtlich der Finanz- und Schuldenkrise. Der Euroraum befindet sich inzwischen im achten Jahr der durch den Zusammenbruch des US-Subprime-Marktes ausgel\u00f6sten Staatsschuldenkrise. Die von der EZB getroffen Ma\u00dfnahmen wie die Senkung des Leitzinses und die zus\u00e4tzliche Liquidit\u00e4tsbereitstellung wurden ebenso anschaulich dargestellt wie das umstrittene Ankaufprogramm f\u00fcr Staatsanleihen. Dieses wird von der Deutschen Bundesbank sehr kritisch gesehen, weil es sich, so Wahl, sehr nahe an einer verbotenen Staatsfinanzierung durch die EZB bewege und die Gefahr berge, dass der n\u00f6tige Reformdruck in L\u00e4ndern wie Griechenland oder auch Italien verschleppt werde.<\/p>\n<p>Die Staatsschuldenkrise sei aber keine W\u00e4hrungskrise, lautete sein Fazit. Die Europ\u00e4ische W\u00e4hrungsunion sei eine Region der Stabilit\u00e4t nach innen und nach au\u00dfen. In den Problemstaaten seien die ersten Fortschritte erkennbar. Die Geldpolitik der EZB k\u00f6nne aber nur \u201eZeit erkaufen\u201c, die der Krise zugrunde liegenden Probleme m\u00fcssten die Staaten selbst l\u00f6sen. Nur sie seien dazu in der Lage.<\/p>\n<p>Im Anschluss an den Vortrag stellte sich Herr Wahl den Fragen unserer Sch\u00fcler.<\/p>\n<p><em>(Di)<\/em><\/p>\n","protected":false},"excerpt":{"rendered":"<p>Am 12.02.2015 hielt Helmut Wahl vom Stab des Pr\u00e4sidenten der Deutschen Bundesbank zum zweiten Mal vor den Sch\u00fclern der Fachrichtung Wirtschaft einen Vortrag zum Thema: \u201eDie europ\u00e4ische Geldpolitik im Zeichen von Finanz- und Staatsschuldenkrise\u201c. <a class=\"more-link\" href=\"https:\/\/bos-scheyern.de\/bo\/?p=1115\">weiterlesen<span class=\"screen-reader-text\">Die Bundesbank zu Gast<\/span><span class=\"meta-nav\">\u2192<\/span><\/a><\/p>\n","protected":false},"author":5,"featured_media":1117,"comment_status":"closed","ping_status":"closed","sticky":false,"template":"","format":"standard","meta":[],"categories":[11],"tags":[],"_links":{"self":[{"href":"https:\/\/bos-scheyern.de\/bo\/index.php?rest_route=\/wp\/v2\/posts\/1115"}],"collection":[{"href":"https:\/\/bos-scheyern.de\/bo\/index.php?rest_route=\/wp\/v2\/posts"}],"about":[{"href":"https:\/\/bos-scheyern.de\/bo\/index.php?rest_route=\/wp\/v2\/types\/post"}],"author":[{"embeddable":true,"href":"https:\/\/bos-scheyern.de\/bo\/index.php?rest_route=\/wp\/v2\/users\/5"}],"replies":[{"embeddable":true,"href":"https:\/\/bos-scheyern.de\/bo\/index.php?rest_route=%2Fwp%2Fv2%2Fcomments&post=1115"}],"version-history":[{"count":6,"href":"https:\/\/bos-scheyern.de\/bo\/index.php?rest_route=\/wp\/v2\/posts\/1115\/revisions"}],"predecessor-version":[{"id":1196,"href":"https:\/\/bos-scheyern.de\/bo\/index.php?rest_route=\/wp\/v2\/posts\/1115\/revisions\/1196"}],"wp:featuredmedia":[{"embeddable":true,"href":"https:\/\/bos-scheyern.de\/bo\/index.php?rest_route=\/wp\/v2\/media\/1117"}],"wp:attachment":[{"href":"https:\/\/bos-scheyern.de\/bo\/index.php?rest_route=%2Fwp%2Fv2%2Fmedia&parent=1115"}],"wp:term":[{"taxonomy":"category","embeddable":true,"href":"https:\/\/bos-scheyern.de\/bo\/index.php?rest_route=%2Fwp%2Fv2%2Fcategories&post=1115"},{"taxonomy":"post_tag","embeddable":true,"href":"https:\/\/bos-scheyern.de\/bo\/index.php?rest_route=%2Fwp%2Fv2%2Ftags&post=1115"}],"curies":[{"name":"wp","href":"https:\/\/api.w.org\/{rel}","templated":true}]}}