{"id":1149,"date":"2015-05-08T07:56:04","date_gmt":"2015-05-08T07:56:04","guid":{"rendered":"https:\/\/bos-scheyern.de\/bo\/?p=1149"},"modified":"2015-07-24T19:06:45","modified_gmt":"2015-07-24T18:06:45","slug":"palaestina","status":"publish","type":"post","link":"https:\/\/bos-scheyern.de\/bo\/?p=1149","title":{"rendered":"Pal\u00e4stina"},"content":{"rendered":"<figure id=\"attachment_1287\" aria-describedby=\"caption-attachment-1287\" style=\"width: 283px\" class=\"wp-caption alignright\"><a href=\"https:\/\/bos-scheyern.de\/bo\/wp-content\/uploads\/2015\/05\/bethlehem-paolo-cuttitta.jpg\"><img loading=\"lazy\" class=\"  wp-image-1287\" src=\"https:\/\/bos-scheyern.de\/bo\/wp-content\/uploads\/2015\/05\/bethlehem-paolo-cuttitta.jpg\" alt=\"bethlehem-paolo-cuttitta\" width=\"283\" height=\"214\" \/><\/a><figcaption id=\"caption-attachment-1287\" class=\"wp-caption-text\">Grenze bei Bethlehem \/ Paolo Cuttitta \/ <a href=\"http:\/\/creativecommons.org\/licenses\/by\/2.0\">CC BY 2.0<\/a><\/figcaption><\/figure>\n<p>Im Schulunterricht erfahren wir in der Regel viel <em>\u00fcber<\/em> ein Land und <em>\u00fcber<\/em> die Situation der Menschen. Viel besser aber ist es, <em>direkt<\/em> die betroffenen Menschen zu h\u00f6ren. Anl\u00e4sslich eines Deutschlandaufenthaltes von Frau Faten Mukarker haben wir die Gelegenheit genutzt, in der Turnhalle alle Klassen zu einem Vortrag der Referentin zusammenzuholen. Seit \u00fcber vierzig Jahren wohnt und lebt sie in Beit Jala, einer kleinen Stadt nahe Bethlehem, im Pal\u00e4stinensergebiet. Da sie in Deutschland aufgewachsen ist, spricht sie akzentfrei Deutsch und kann, wie kaum sonst jemand, Verbindungslinien zwischen den drei Kulturen Israel \u2013 Pal\u00e4stina \u2013 Deutschland herstellen.<br \/>\nIhre ganz pers\u00f6nliche Lebensentscheidung, n\u00e4mlich Heirat in ein besetztes Land, Bruch mit ihrer Familie und die immer bedr\u00fcckendere politische und wirtschaftliche Situation, haben Spannungen eines Lebens sp\u00fcrbar werden lassen, die lange nachwirken. Lehrkr\u00e4fte und Sch\u00fcler waren davon sehr bewegt. Noch im Mai bei der Abschlussreflexion des Religionsunterrichtes erinnerten sich die Sch\u00fcler an den Vortrag: \u201eEs war eindrucksvoll. Es blieb in Gedanken. Wir konnten eine andere Sichtweise kennenlernen. Die selbstgemalten Bilder von der kleinen Tochter sind mir vor Augen, die Krieg, Flugzeuge, Zerst\u00f6rung und Bomben malte &#8211; statt Sonne und Blumen.\u201c<br \/>\nDurch all das lag auf dem Vortrag eine gewisse Schwermut. Doch nie hat die Referentin sich zu Zorn, Rache oder Hass hinrei\u00dfen lassen. Eine reife Frau, die durch die Bewirtung von G\u00e4sten in ihrem Haus in Beit Jala und durch Vortr\u00e4ge in Deutschland zum Lebensunterhalt ihrer Familie beitr\u00e4gt. Die Stiftung Stephanus der Benediktinerabtei \u00fcbernahm bereitwillig das Honorar f\u00fcr Scheyern, das wirklich gut investiert war.<\/p>\n<p>Pater Benedikt<\/p>\n","protected":false},"excerpt":{"rendered":"<p>Im Schulunterricht erfahren wir in der Regel viel \u00fcber ein Land und \u00fcber die Situation der Menschen. Viel besser aber ist es, direkt die betroffenen Menschen zu h\u00f6ren.<br \/>\n<br \/>\nFoto: Grenze bei Bethlehem \/ Paolo Cuttitta \/ <a href=\"http:\/\/creativecommons.org\/licenses\/by\/2.0\">CC BY 2.0<\/a> <a class=\"more-link\" href=\"https:\/\/bos-scheyern.de\/bo\/?p=1149\">weiterlesen<span class=\"screen-reader-text\">Pal\u00e4stina<\/span><span class=\"meta-nav\">\u2192<\/span><\/a><\/p>\n","protected":false},"author":5,"featured_media":1287,"comment_status":"closed","ping_status":"closed","sticky":false,"template":"","format":"standard","meta":[],"categories":[11],"tags":[],"_links":{"self":[{"href":"https:\/\/bos-scheyern.de\/bo\/index.php?rest_route=\/wp\/v2\/posts\/1149"}],"collection":[{"href":"https:\/\/bos-scheyern.de\/bo\/index.php?rest_route=\/wp\/v2\/posts"}],"about":[{"href":"https:\/\/bos-scheyern.de\/bo\/index.php?rest_route=\/wp\/v2\/types\/post"}],"author":[{"embeddable":true,"href":"https:\/\/bos-scheyern.de\/bo\/index.php?rest_route=\/wp\/v2\/users\/5"}],"replies":[{"embeddable":true,"href":"https:\/\/bos-scheyern.de\/bo\/index.php?rest_route=%2Fwp%2Fv2%2Fcomments&post=1149"}],"version-history":[{"count":4,"href":"https:\/\/bos-scheyern.de\/bo\/index.php?rest_route=\/wp\/v2\/posts\/1149\/revisions"}],"predecessor-version":[{"id":1322,"href":"https:\/\/bos-scheyern.de\/bo\/index.php?rest_route=\/wp\/v2\/posts\/1149\/revisions\/1322"}],"wp:featuredmedia":[{"embeddable":true,"href":"https:\/\/bos-scheyern.de\/bo\/index.php?rest_route=\/wp\/v2\/media\/1287"}],"wp:attachment":[{"href":"https:\/\/bos-scheyern.de\/bo\/index.php?rest_route=%2Fwp%2Fv2%2Fmedia&parent=1149"}],"wp:term":[{"taxonomy":"category","embeddable":true,"href":"https:\/\/bos-scheyern.de\/bo\/index.php?rest_route=%2Fwp%2Fv2%2Fcategories&post=1149"},{"taxonomy":"post_tag","embeddable":true,"href":"https:\/\/bos-scheyern.de\/bo\/index.php?rest_route=%2Fwp%2Fv2%2Ftags&post=1149"}],"curies":[{"name":"wp","href":"https:\/\/api.w.org\/{rel}","templated":true}]}}