{"id":1161,"date":"2015-06-10T07:53:15","date_gmt":"2015-06-10T07:53:15","guid":{"rendered":"https:\/\/bos-scheyern.de\/bo\/?p=1161"},"modified":"2015-06-10T11:05:20","modified_gmt":"2015-06-10T11:05:20","slug":"prag-2-0","status":"publish","type":"post","link":"https:\/\/bos-scheyern.de\/bo\/?p=1161","title":{"rendered":"Prag 2.0"},"content":{"rendered":"<p><a href=\"https:\/\/bos-scheyern.de\/bo\/wp-content\/uploads\/2015\/03\/prag1.jpg\"><img loading=\"lazy\" class=\"  wp-image-998 alignright\" src=\"https:\/\/bos-scheyern.de\/bo\/wp-content\/uploads\/2015\/03\/prag1.jpg\" alt=\"prag1\" width=\"249\" height=\"171\" \/><\/a>Nicht der Mai bzw. der Fr\u00fchling ist es, der alles neu macht in der Schule, sondern der Herbst. So ist an jedem Schuljahresanfang eine gewisse gespannte Stimmung in Scheyern zu sp\u00fcren. Die Klassen werden teilweise neu zusammengestellt und bekommen neue Lehrkr\u00e4fte. Das Abitur steht in den 12. Klassen dann gewisserma\u00dfen schon fast vor der T\u00fcr und um sich darauf als Klassengemeinschaft vorzubereiten, ist eine gemeinsame \u201eAbschlussfahrt\u201c am Beginn des gemeinsamen Lernens eine bereichernde Sache. Auch im vergangenen November haben die 12. FOS-Klassen die Zeit um den Bu\u00df- und Bettag genutzt, um vier Tage gemeinsam nach Prag zu fahren. Erste Schulaufgaben und Kurzarbeiten waren zu dem Zeitpunkt schon geschrieben, so dass dieser Termin den Sch\u00fclern eine kleine Auszeit verschaffte. Begleitet wurden die vier Klassen von Frau Welker, Frau Rothmeier, Herrn Bretschneider und Herrn G\u00fcrtner sowie Pater Benedikt. Die tschechische Hauptstadt ist schon jetzt ein etabliertes Ziel, da es f\u00fcr den kurzen Reisezeitraum relativ schnell per Bus zu erreichen ist und ein schier unersch\u00f6pfliches Repertoire an Kultur bietet. Da es sich um eine Studienfahrt handelt, gab es an allen vier Tagen ein fixes Programm, an dem die Sch\u00fcler teilnahmen. So durften beispielsweise Besuche der Prager Burg und der Karlsbr\u00fccke nicht fehlen. Aber auch individuellen Vorlieben konnte nachgegangen werden, indem sich die Sch\u00fcler vorab besondere Ziele aussuchen durften. Besonders beeindruckend war das J\u00fcdische Viertel Josefstadt mit seinen sechs Synagogen, dem j\u00fcdischen Rathaus und dem Friedhof. <a href=\"https:\/\/bos-scheyern.de\/bo\/wp-content\/uploads\/2015\/03\/prag7.jpg\"><img loading=\"lazy\" class=\"alignnone size-full wp-image-1004\" src=\"https:\/\/bos-scheyern.de\/bo\/wp-content\/uploads\/2015\/03\/prag7.jpg\" alt=\"prag7\" width=\"2000\" height=\"1333\" srcset=\"https:\/\/bos-scheyern.de\/bo\/wp-content\/uploads\/2015\/03\/prag7.jpg 2000w, https:\/\/bos-scheyern.de\/bo\/wp-content\/uploads\/2015\/03\/prag7-300x200.jpg 300w, https:\/\/bos-scheyern.de\/bo\/wp-content\/uploads\/2015\/03\/prag7-768x512.jpg 768w, https:\/\/bos-scheyern.de\/bo\/wp-content\/uploads\/2015\/03\/prag7-1024x682.jpg 1024w\" sizes=\"(max-width: 2000px) 100vw, 2000px\" \/><\/a><\/p>\n<p>Aber auch ein St\u00fcck \u201edeutscher Geschichte\u201c spielte sich bekannterma\u00dfen in Prag ab, und deshalb durfte der Besuch der Deutschen Botschaft nicht fehlen. Den Kontakten Pater Benedikts zum Kloster Strahov ist es zu verdanken, dass ein Teil der Sch\u00fcler nicht nur das wundersch\u00f6ne Kloster besichtigen, sondern eigens einen Gottesdienst dort feiern konnte. Neben diesem abwechslungsreichen Programm war an jedem Tag noch gen\u00fcgend Zeit, sich selbst in der Stadt umzusehen. Die Sch\u00fcler nutzten die Gelegenheiten vielf\u00e4ltig. Neben Einkaufstouren, Kaffeehaus- und Restaurantbesuchen fand sich auch eine Gruppe zum Lasertag ein. Als gemeinsamer R\u00fcckzugsort diente das sch\u00f6ne Hotel am Rande der Stadt. Dort kamen Sch\u00fcler und Lehrer zu Fr\u00fchst\u00fcck und Abendessen zusammen. Auch boten die Abende im Hotel Gelegenheit, miteinander ins Gespr\u00e4ch zu kommen und gemeinsame Aktivit\u00e4ten durchzuf\u00fchren. So wurde ein Abend in der hoteleigenen Bowlingbahn verbracht, in der verschiedene Klassen- und Lehrerteams gegeneinander antraten. Nat\u00fcrlich waren die jungen Leute nicht zu halten, wenn die M\u00f6glichkeit bestand, ins Prager Nachtleben einzutauchen. Dass auf die Scheyerer Sch\u00fcler Verlass ist, zeigte sich daran, dass alle die vereinbarten \u201eAusgehzeiten\u201c einhielten und rechtzeitig ins Hotel zur\u00fcckkamen. Nach dem Besuch der Laterna Magica, eines avantgardistischen Theaters, wurde der letzte Abend dann sogar zusammen mit den Lehrern in der Prager Innenstadt verbracht. Das Fazit der Lehrer und Sch\u00fcler fiel insgesamt sehr positiv aus. Dass man sich gegenseitig auch einmal von einer anderen Seite kennengelernt hat, war ein Gewinn f\u00fcr das weitere Schuljahr, das nun ja bereits mit dem Abitur abgeschlossen ist. In diesem Sinne vielen Dank an alle Beteiligten und ein besonderes Dankesch\u00f6n an Herrn Bretschneider f\u00fcr die Organisation, die einen reibungslosen Ablauf erm\u00f6glichte!<\/p>\n<p>&nbsp;<\/p>\n<p><em>Stefanie Rothmeier<\/em><\/p>\n","protected":false},"excerpt":{"rendered":"<p>Nicht der Mai bzw. der Fr\u00fchling ist es, der alles neu macht in der Schule, sondern der Herbst. So ist an jedem Schuljahresanfang eine gewisse gespannte Stimmung in Scheyern zu <a class=\"more-link\" href=\"https:\/\/bos-scheyern.de\/bo\/?p=1161\">weiterlesen<span class=\"screen-reader-text\">Prag 2.0<\/span><span class=\"meta-nav\">\u2192<\/span><\/a><\/p>\n","protected":false},"author":5,"featured_media":998,"comment_status":"closed","ping_status":"closed","sticky":false,"template":"","format":"standard","meta":[],"categories":[11],"tags":[],"_links":{"self":[{"href":"https:\/\/bos-scheyern.de\/bo\/index.php?rest_route=\/wp\/v2\/posts\/1161"}],"collection":[{"href":"https:\/\/bos-scheyern.de\/bo\/index.php?rest_route=\/wp\/v2\/posts"}],"about":[{"href":"https:\/\/bos-scheyern.de\/bo\/index.php?rest_route=\/wp\/v2\/types\/post"}],"author":[{"embeddable":true,"href":"https:\/\/bos-scheyern.de\/bo\/index.php?rest_route=\/wp\/v2\/users\/5"}],"replies":[{"embeddable":true,"href":"https:\/\/bos-scheyern.de\/bo\/index.php?rest_route=%2Fwp%2Fv2%2Fcomments&post=1161"}],"version-history":[{"count":3,"href":"https:\/\/bos-scheyern.de\/bo\/index.php?rest_route=\/wp\/v2\/posts\/1161\/revisions"}],"predecessor-version":[{"id":1178,"href":"https:\/\/bos-scheyern.de\/bo\/index.php?rest_route=\/wp\/v2\/posts\/1161\/revisions\/1178"}],"wp:featuredmedia":[{"embeddable":true,"href":"https:\/\/bos-scheyern.de\/bo\/index.php?rest_route=\/wp\/v2\/media\/998"}],"wp:attachment":[{"href":"https:\/\/bos-scheyern.de\/bo\/index.php?rest_route=%2Fwp%2Fv2%2Fmedia&parent=1161"}],"wp:term":[{"taxonomy":"category","embeddable":true,"href":"https:\/\/bos-scheyern.de\/bo\/index.php?rest_route=%2Fwp%2Fv2%2Fcategories&post=1161"},{"taxonomy":"post_tag","embeddable":true,"href":"https:\/\/bos-scheyern.de\/bo\/index.php?rest_route=%2Fwp%2Fv2%2Ftags&post=1161"}],"curies":[{"name":"wp","href":"https:\/\/api.w.org\/{rel}","templated":true}]}}