{"id":1163,"date":"2015-06-10T07:49:17","date_gmt":"2015-06-10T07:49:17","guid":{"rendered":"https:\/\/bos-scheyern.de\/bo\/?p=1163"},"modified":"2015-06-26T07:06:41","modified_gmt":"2015-06-26T07:06:41","slug":"vienna-calling","status":"publish","type":"post","link":"https:\/\/bos-scheyern.de\/bo\/?p=1163","title":{"rendered":"Vienna Calling"},"content":{"rendered":"<p>Auch in diesem Schuljahr war die Frage nach dem Ziel der Studienfahrt der 13. Klassen schnell beantwortet: Wir fahren nach Wien!<\/p>\n<p><a href=\"https:\/\/bos-scheyern.de\/bo\/wp-content\/uploads\/2015\/06\/Abschlussfahrt-Wien-November-2014-089.jpg\"><img loading=\"lazy\" class=\" size-full wp-image-1273 aligncenter\" src=\"https:\/\/bos-scheyern.de\/bo\/wp-content\/uploads\/2015\/06\/Abschlussfahrt-Wien-November-2014-089.jpg\" alt=\"Abschlussfahrt Wien November 2014 089\" width=\"800\" height=\"536\" srcset=\"https:\/\/bos-scheyern.de\/bo\/wp-content\/uploads\/2015\/06\/Abschlussfahrt-Wien-November-2014-089.jpg 800w, https:\/\/bos-scheyern.de\/bo\/wp-content\/uploads\/2015\/06\/Abschlussfahrt-Wien-November-2014-089-300x201.jpg 300w, https:\/\/bos-scheyern.de\/bo\/wp-content\/uploads\/2015\/06\/Abschlussfahrt-Wien-November-2014-089-768x515.jpg 768w\" sizes=\"(max-width: 800px) 100vw, 800px\" \/><\/a><\/p>\n<p>F\u00fcr den Klassenleiter der W13 und Autor dieser Zeilen war diese Entscheidung keine \u00dcberraschung. Schon vor \u00fcber zehn Jahren \u2013 zu seiner eigenen Schulzeit in Scheyern \u2013 hie\u00df es bereits: \u201eAuf nach Wien\u201c. Nun also die \u201eR\u00fcckkehr\u201c in ver\u00e4nderter Rolle. Schnell stellte sich heraus, dass sich am Programm in den letzten Jahren nichts ge\u00e4ndert hat: Treffpunkt morgens um 6 Uhr, warten auf einen Nachz\u00fcgler, Wei\u00dfw\u00fcrste einladen. Dann anfangs ruhige Fahrt im Regen mit Wei\u00dfwurstfr\u00fchst\u00fcck und p\u00fcnktliche Ankunft am Hotel Tabor. Erinnerung an das Hotel allerdings: Fehlanzeige!<\/p>\n<p>Am Abend ging es dann zu Fu\u00df durch die vorweihnachtliche Stadt mit dem Ziel Salm-Br\u00e4u. Pater Lukas sorgte unterwegs mit kleinen Geschichten und viel Wissenswertem f\u00fcr reichlich Abwechslung. Angekommen im Salm-Br\u00e4u, mussten nat\u00fcrlich erst Hunger und Durst gestillt werden. Sp\u00e4ter ging es auf eigene Faust auf Erkundungstour.<\/p>\n<p>Fr\u00fch am n\u00e4chsten Morgen (um 9 Uhr) teilten sich dann die Interessen: UNO-City, Theatermuseum und Naschmarkt \u2013 und f\u00fcr Sissi-Fans: die Hofburg. Am Nachmittag erkundete man die Wiener Kaffeehauskultur und lernte, dass man in Wien wissen sollte, ob man eine Melange oder einen kleinen Braunen will.<\/p>\n<p>Am Abend wartete dann das Highlight der Studienfahrt: Der Heurigenabend im Stift St. Peter. Traditionell in Tracht und bei deftigem Essen, dem Wiener \u201egemischten Satz\u201c und Altscheyrer Leo, wurde bis sp\u00e4t in die Nacht geratscht und Gstanzl gesungen. Diejenigen, die danach immer noch nicht genug hatten, trafen sich im Anschluss noch im \u201eBricks\u201c. Erinnerung an diesen Club: durchaus noch vorhanden!<\/p>\n<p>Der n\u00e4chste Tag stand ganz im Zeichen der Kultur. Am Vormittag besuchten wir Schloss Sch\u00f6nbrunn und seine G\u00e4rten. Am Abend wurde von Frau Wastl-Ewendt ein Theaterbesuch organisiert. Ganz hartgesottene besuchten die Oper \u2013 mit Stehplatz.<\/p>\n<p>Nach einer viel zu kurzen Nacht ging es dann am Samstag leider schon wieder gen Heimat. Um auch hier dem traditionellen Programm gerecht zu werden, wurde im Kloster Melk noch ein Halt eingelegt. Die F\u00fchrung durch die beeindruckende Klosteranlage und vor allem die einen fast erschlagende Pracht der Stiftskirche sorgten f\u00fcr einen w\u00fcrdigen Abschluss dieser Fahrt, die ohne weitere Zwischenf\u00e4lle wieder in Scheyern endete.<\/p>\n<p>Aus meiner Rolle als Lehrer betrachtet, war diese Studienfahrt fast genauso angenehm wie einst als Sch\u00fcler. Der Organisationsaufwand hielt sich, ebenso wie die Aufsichtspflicht, in engen Grenzen.<\/p>\n<p>Ein gro\u00dfes Lob deshalb an die Organisatoren und alle beteiligten Sch\u00fcler, die sich immer zu benehmen wussten und die ein echtes Miteinander pflegten.<\/p>\n<p>&nbsp;<\/p>\n<p><em>Michael Diemer<\/em><\/p>\n","protected":false},"excerpt":{"rendered":"<p>Auch in diesem Schuljahr war die Frage nach dem Ziel der Studienfahrt der 13. Klassen schnell beantwortet: Wir fahren nach Wien! F\u00fcr den Klassenleiter der W13 und Autor dieser Zeilen <a class=\"more-link\" href=\"https:\/\/bos-scheyern.de\/bo\/?p=1163\">weiterlesen<span class=\"screen-reader-text\">Vienna Calling<\/span><span class=\"meta-nav\">\u2192<\/span><\/a><\/p>\n","protected":false},"author":5,"featured_media":1273,"comment_status":"closed","ping_status":"closed","sticky":false,"template":"","format":"standard","meta":[],"categories":[11],"tags":[],"_links":{"self":[{"href":"https:\/\/bos-scheyern.de\/bo\/index.php?rest_route=\/wp\/v2\/posts\/1163"}],"collection":[{"href":"https:\/\/bos-scheyern.de\/bo\/index.php?rest_route=\/wp\/v2\/posts"}],"about":[{"href":"https:\/\/bos-scheyern.de\/bo\/index.php?rest_route=\/wp\/v2\/types\/post"}],"author":[{"embeddable":true,"href":"https:\/\/bos-scheyern.de\/bo\/index.php?rest_route=\/wp\/v2\/users\/5"}],"replies":[{"embeddable":true,"href":"https:\/\/bos-scheyern.de\/bo\/index.php?rest_route=%2Fwp%2Fv2%2Fcomments&post=1163"}],"version-history":[{"count":2,"href":"https:\/\/bos-scheyern.de\/bo\/index.php?rest_route=\/wp\/v2\/posts\/1163\/revisions"}],"predecessor-version":[{"id":1274,"href":"https:\/\/bos-scheyern.de\/bo\/index.php?rest_route=\/wp\/v2\/posts\/1163\/revisions\/1274"}],"wp:featuredmedia":[{"embeddable":true,"href":"https:\/\/bos-scheyern.de\/bo\/index.php?rest_route=\/wp\/v2\/media\/1273"}],"wp:attachment":[{"href":"https:\/\/bos-scheyern.de\/bo\/index.php?rest_route=%2Fwp%2Fv2%2Fmedia&parent=1163"}],"wp:term":[{"taxonomy":"category","embeddable":true,"href":"https:\/\/bos-scheyern.de\/bo\/index.php?rest_route=%2Fwp%2Fv2%2Fcategories&post=1163"},{"taxonomy":"post_tag","embeddable":true,"href":"https:\/\/bos-scheyern.de\/bo\/index.php?rest_route=%2Fwp%2Fv2%2Ftags&post=1163"}],"curies":[{"name":"wp","href":"https:\/\/api.w.org\/{rel}","templated":true}]}}