{"id":1184,"date":"2015-06-17T10:30:54","date_gmt":"2015-06-17T10:30:54","guid":{"rendered":"https:\/\/bos-scheyern.de\/bo\/?p=1184"},"modified":"2015-06-22T04:16:46","modified_gmt":"2015-06-22T04:16:46","slug":"seminaristen-zu-gast-am-max-planck-institut-fuer-quantenoptik-in-muenchen-garching","status":"publish","type":"post","link":"https:\/\/bos-scheyern.de\/bo\/?p=1184","title":{"rendered":"Seminaristen zu  Gast am Max-Planck-Institut f\u00fcr Quantenoptik in M\u00fcnchen-Garching"},"content":{"rendered":"<p>Mitte Juni waren unsere vier Seminaristen aus dem Fachbereich Physik zum ersten Mal im PhotonLab <a href=\"https:\/\/bos-scheyern.de\/bo\/wp-content\/uploads\/2015\/06\/PhotonLap_Logo-klein.jpg\"><img loading=\"lazy\" class=\" size-full wp-image-1214 alignright\" src=\"https:\/\/bos-scheyern.de\/bo\/wp-content\/uploads\/2015\/06\/PhotonLap_Logo-klein.jpg\" alt=\"PhotonLap_Logo klein\" width=\"100\" height=\"100\" \/><\/a>des Exzellenzclusters MAP (Munich-Centre for Advanced Photonics) am MPQ zu Gast, um sich auf ihre Seminararbeiten vorzubereiten. Nach einem etwas sch\u00fcchternen Anfang unserer Sch\u00fcler und einem sehr gelungenen Vortrag von Frau Dr. Silke St\u00e4hler-Sch\u00f6pf, die Sch\u00fclergruppen bzw. Klassen im PhotonLab betreut, ging es ab ins Labor, um sich mit den Versuchen f\u00fcr die Seminararbeiten vertraut zu machen. Es sind vier sehr sch\u00f6ne und spannende Themen f\u00fcr die Sch\u00fcler entstanden, und so freuen wir uns auf die Ergebnisse der Seminararbeiten.<\/p>\n<figure id=\"attachment_1185\" aria-describedby=\"caption-attachment-1185\" style=\"width: 535px\" class=\"wp-caption alignnone\"><a href=\"https:\/\/bos-scheyern.de\/bo\/wp-content\/uploads\/2015\/06\/SeminarPhysik.jpg\"><img loading=\"lazy\" class=\" wp-image-1185\" src=\"https:\/\/bos-scheyern.de\/bo\/wp-content\/uploads\/2015\/06\/SeminarPhysik-300x225.jpg\" alt=\"Von Links: A. Hirtreiter; W. Hofmann; M. Bliesze; Dr. S. St\u00e4hler- Sch\u00f6pf; L. Biefang; F. Kaindl; M. Gellert; T. Hasenfratz\" width=\"535\" height=\"401\" srcset=\"https:\/\/bos-scheyern.de\/bo\/wp-content\/uploads\/2015\/06\/SeminarPhysik-300x225.jpg 300w, https:\/\/bos-scheyern.de\/bo\/wp-content\/uploads\/2015\/06\/SeminarPhysik-200x150.jpg 200w, https:\/\/bos-scheyern.de\/bo\/wp-content\/uploads\/2015\/06\/SeminarPhysik-768x576.jpg 768w, https:\/\/bos-scheyern.de\/bo\/wp-content\/uploads\/2015\/06\/SeminarPhysik-1024x768.jpg 1024w, https:\/\/bos-scheyern.de\/bo\/wp-content\/uploads\/2015\/06\/SeminarPhysik.jpg 1268w\" sizes=\"(max-width: 535px) 100vw, 535px\" \/><\/a><figcaption id=\"caption-attachment-1185\" class=\"wp-caption-text\">Von Links:<br \/>A. Hirtreiter; W. Hofmann; M. Bliesze; Dr. S. St\u00e4hler- Sch\u00f6pf; L. Biefang; F. Kaindl; M. Gellert; T. Hasenfratz<\/figcaption><\/figure>\n<p>An dieser Stelle herzlichen Dank an Frau Dr. St\u00e4hler-Sch\u00f6pf f\u00fcr die Zusammenarbeit.<\/p>\n<p>F\u00fcr Interessierte: <a href=\"https:\/\/www.munich-photonics.de\/young-researchers\/school-lab-photonlab\/\">https:\/\/www.munich-photonics.de\/young-researchers\/school-lab-photonlab\/<\/a><\/p>\n<p><em>Monika Bliesze<\/em><\/p>\n","protected":false},"excerpt":{"rendered":"<p>Mitte Juni waren unsere vier Seminaristen aus dem Fachbereich Physik zum ersten Mal im PhotonLab des Exzellenzclusters MAP (Munich-Centre for Advanced Photonics) am MPQ zu Gast, um sich auf ihre <a class=\"more-link\" href=\"https:\/\/bos-scheyern.de\/bo\/?p=1184\">weiterlesen<span class=\"screen-reader-text\">Seminaristen zu  Gast am Max-Planck-Institut f\u00fcr Quantenoptik in M\u00fcnchen-Garching<\/span><span class=\"meta-nav\">\u2192<\/span><\/a><\/p>\n","protected":false},"author":5,"featured_media":1185,"comment_status":"closed","ping_status":"closed","sticky":false,"template":"","format":"standard","meta":[],"categories":[11],"tags":[],"_links":{"self":[{"href":"https:\/\/bos-scheyern.de\/bo\/index.php?rest_route=\/wp\/v2\/posts\/1184"}],"collection":[{"href":"https:\/\/bos-scheyern.de\/bo\/index.php?rest_route=\/wp\/v2\/posts"}],"about":[{"href":"https:\/\/bos-scheyern.de\/bo\/index.php?rest_route=\/wp\/v2\/types\/post"}],"author":[{"embeddable":true,"href":"https:\/\/bos-scheyern.de\/bo\/index.php?rest_route=\/wp\/v2\/users\/5"}],"replies":[{"embeddable":true,"href":"https:\/\/bos-scheyern.de\/bo\/index.php?rest_route=%2Fwp%2Fv2%2Fcomments&post=1184"}],"version-history":[{"count":5,"href":"https:\/\/bos-scheyern.de\/bo\/index.php?rest_route=\/wp\/v2\/posts\/1184\/revisions"}],"predecessor-version":[{"id":1216,"href":"https:\/\/bos-scheyern.de\/bo\/index.php?rest_route=\/wp\/v2\/posts\/1184\/revisions\/1216"}],"wp:featuredmedia":[{"embeddable":true,"href":"https:\/\/bos-scheyern.de\/bo\/index.php?rest_route=\/wp\/v2\/media\/1185"}],"wp:attachment":[{"href":"https:\/\/bos-scheyern.de\/bo\/index.php?rest_route=%2Fwp%2Fv2%2Fmedia&parent=1184"}],"wp:term":[{"taxonomy":"category","embeddable":true,"href":"https:\/\/bos-scheyern.de\/bo\/index.php?rest_route=%2Fwp%2Fv2%2Fcategories&post=1184"},{"taxonomy":"post_tag","embeddable":true,"href":"https:\/\/bos-scheyern.de\/bo\/index.php?rest_route=%2Fwp%2Fv2%2Ftags&post=1184"}],"curies":[{"name":"wp","href":"https:\/\/api.w.org\/{rel}","templated":true}]}}