{"id":1299,"date":"2015-07-17T07:01:04","date_gmt":"2015-07-17T07:01:04","guid":{"rendered":"https:\/\/bos-scheyern.de\/bo\/?p=1299"},"modified":"2015-07-27T15:47:52","modified_gmt":"2015-07-27T14:47:52","slug":"abschlussfeier-der-abiturenten","status":"publish","type":"post","link":"https:\/\/bos-scheyern.de\/bo\/?p=1299","title":{"rendered":"Abschlussfeier der Abiturenten"},"content":{"rendered":"<p><a href=\"https:\/\/bos-scheyern.de\/bo\/wp-content\/uploads\/2015\/07\/P7100817.jpg\"><img loading=\"lazy\" class=\"alignnone wp-image-1300 size-full\" src=\"https:\/\/bos-scheyern.de\/bo\/wp-content\/uploads\/2015\/07\/P7100817.jpg\" alt=\"\" width=\"2560\" height=\"1920\" srcset=\"https:\/\/bos-scheyern.de\/bo\/wp-content\/uploads\/2015\/07\/P7100817.jpg 2560w, https:\/\/bos-scheyern.de\/bo\/wp-content\/uploads\/2015\/07\/P7100817-200x150.jpg 200w, https:\/\/bos-scheyern.de\/bo\/wp-content\/uploads\/2015\/07\/P7100817-300x225.jpg 300w, https:\/\/bos-scheyern.de\/bo\/wp-content\/uploads\/2015\/07\/P7100817-768x576.jpg 768w, https:\/\/bos-scheyern.de\/bo\/wp-content\/uploads\/2015\/07\/P7100817-1024x768.jpg 1024w\" sizes=\"(max-width: 2560px) 100vw, 2560px\" \/><\/a><\/p>\n<p>Im Rahmen der Abschlussfeier wurden elf Absolventen (Sebastiano Danielis, Fabian Fl\u00f6ssler, Anton Geltermeier, Nadine Grabmair, Philipp Hampl, Teresa Miarecki, Marina Oswald, Eva Spornraft, Franziska Summerer, Manuela Weber und Konrad Wenger) f\u00fcr hervorragende Leistungen bzw. besonderes Engagement innerhalb der Schulgemeinschaft ausgezeichnet und mit einem Geldbetrag bedacht, der von der Sparkassenstiftung zur Verf\u00fcgung gestellt wurde. Zwei weitere Absolventen (Manuel Funk und Felix Gr\u00fcger) wurden vom Konvent des Klosters im Rahmen der Stephanus-Stiftung f\u00fcr besonderes Engagement ausgezeichnet.<\/p>\n<p>Die Ehrungen wurden durch den stellvertretenden Landrat Anton Westner, Michael Hoyer von der Sparkasse, Bernd Huber, den Vorsitzenden des Wirtschaftsbeirats, Annette Sondermeier, die 2. Vorsitzenden des Elternbeirats, Abt Markus und Pater Lukas vom Konvent sowie Schulleiter Hubert Ruisinger und seinen Stellvertreter Wolfgang Janu vorgenommen.<\/p>\n<p><em>U. Schwinn<\/em><\/p>\n","protected":false},"excerpt":{"rendered":"<p>Im Rahmen der Abschlussfeier wurden elf Absolventen (Sebastiano Danielis, Fabian Fl\u00f6ssler, Anton Geltermeier, Nadine Grabmair, Philipp Hampl, Teresa Miarecki, Marina Oswald, Eva Spornraft, Franziska Summerer, Manuela Weber und Konrad Wenger) f\u00fcr hervorragende Leistungen bzw. besonderes Engagement innerhalb der Schulgemeinschaft ausgezeichnet <a class=\"more-link\" href=\"https:\/\/bos-scheyern.de\/bo\/?p=1299\">weiterlesen<span class=\"screen-reader-text\">Abschlussfeier der Abiturenten<\/span><span class=\"meta-nav\">\u2192<\/span><\/a><\/p>\n","protected":false},"author":5,"featured_media":1300,"comment_status":"closed","ping_status":"closed","sticky":false,"template":"","format":"standard","meta":[],"categories":[11],"tags":[],"_links":{"self":[{"href":"https:\/\/bos-scheyern.de\/bo\/index.php?rest_route=\/wp\/v2\/posts\/1299"}],"collection":[{"href":"https:\/\/bos-scheyern.de\/bo\/index.php?rest_route=\/wp\/v2\/posts"}],"about":[{"href":"https:\/\/bos-scheyern.de\/bo\/index.php?rest_route=\/wp\/v2\/types\/post"}],"author":[{"embeddable":true,"href":"https:\/\/bos-scheyern.de\/bo\/index.php?rest_route=\/wp\/v2\/users\/5"}],"replies":[{"embeddable":true,"href":"https:\/\/bos-scheyern.de\/bo\/index.php?rest_route=%2Fwp%2Fv2%2Fcomments&post=1299"}],"version-history":[{"count":7,"href":"https:\/\/bos-scheyern.de\/bo\/index.php?rest_route=\/wp\/v2\/posts\/1299\/revisions"}],"predecessor-version":[{"id":1354,"href":"https:\/\/bos-scheyern.de\/bo\/index.php?rest_route=\/wp\/v2\/posts\/1299\/revisions\/1354"}],"wp:featuredmedia":[{"embeddable":true,"href":"https:\/\/bos-scheyern.de\/bo\/index.php?rest_route=\/wp\/v2\/media\/1300"}],"wp:attachment":[{"href":"https:\/\/bos-scheyern.de\/bo\/index.php?rest_route=%2Fwp%2Fv2%2Fmedia&parent=1299"}],"wp:term":[{"taxonomy":"category","embeddable":true,"href":"https:\/\/bos-scheyern.de\/bo\/index.php?rest_route=%2Fwp%2Fv2%2Fcategories&post=1299"},{"taxonomy":"post_tag","embeddable":true,"href":"https:\/\/bos-scheyern.de\/bo\/index.php?rest_route=%2Fwp%2Fv2%2Ftags&post=1299"}],"curies":[{"name":"wp","href":"https:\/\/api.w.org\/{rel}","templated":true}]}}