{"id":1324,"date":"2015-07-28T12:32:40","date_gmt":"2015-07-28T11:32:40","guid":{"rendered":"https:\/\/bos-scheyern.de\/bo\/?p=1324"},"modified":"2015-07-29T20:44:39","modified_gmt":"2015-07-29T19:44:39","slug":"die-wuensche-fliegen-eine-gelungene-abschlussfeier","status":"publish","type":"post","link":"https:\/\/bos-scheyern.de\/bo\/?p=1324","title":{"rendered":"Die W\u00fcnsche fliegen &#8211; eine gelungene Abschlussfeier"},"content":{"rendered":"<p>Ein Jahr ist machmal schnell vorbei, insbesondere dann, wenn die Abiturpr\u00fcfungen anstehen. Schulaufgaben, Kurzarbeiten und Stegreifaufgaben werden in dieser Zeit wie am Flie\u00dfband geschrieben und im Anschluss daran die Abiturpr\u00fcfungen. Eine Zeit, die mit viel Arbeit und Entbehrungen verbunden ist und durch so manche Durststecke f\u00fchrt.<\/p>\n<p>Umso sch\u00f6ner ist es, diese anstrengende wie lohnenswerte Arbeit mit einer gemeinsamen Abschlussfeier zu begehen.<\/p>\n<p><a href=\"https:\/\/bos-scheyern.de\/bo\/wp-content\/uploads\/2015\/07\/pfarrer.jpg\"><img loading=\"lazy\" class=\"alignnone size-full wp-image-1332\" src=\"https:\/\/bos-scheyern.de\/bo\/wp-content\/uploads\/2015\/07\/pfarrer.jpg\" alt=\"pfarrer\" width=\"1273\" height=\"849\" srcset=\"https:\/\/bos-scheyern.de\/bo\/wp-content\/uploads\/2015\/07\/pfarrer.jpg 1273w, https:\/\/bos-scheyern.de\/bo\/wp-content\/uploads\/2015\/07\/pfarrer-300x200.jpg 300w, https:\/\/bos-scheyern.de\/bo\/wp-content\/uploads\/2015\/07\/pfarrer-768x512.jpg 768w, https:\/\/bos-scheyern.de\/bo\/wp-content\/uploads\/2015\/07\/pfarrer-1024x683.jpg 1024w\" sizes=\"(max-width: 1273px) 100vw, 1273px\" \/><\/a><br \/>\nF\u00fcr die Sch\u00fcler der Berufsoberschule wurde zu Beginn der Abschlussgottesdienst mit Pater Lukas und Pfarrer Schwarzer begangen. Danach fand der Gottesdienst f\u00fcr FOS-Sch\u00fcler mit Frater Joachim statt.<\/p>\n<p><a href=\"https:\/\/bos-scheyern.de\/bo\/wp-content\/uploads\/2015\/07\/kirche2.jpg\"><img loading=\"lazy\" class=\"alignnone size-full wp-image-1328\" src=\"https:\/\/bos-scheyern.de\/bo\/wp-content\/uploads\/2015\/07\/kirche2.jpg\" alt=\"kirche2\" width=\"816\" height=\"544\" srcset=\"https:\/\/bos-scheyern.de\/bo\/wp-content\/uploads\/2015\/07\/kirche2.jpg 816w, https:\/\/bos-scheyern.de\/bo\/wp-content\/uploads\/2015\/07\/kirche2-300x200.jpg 300w, https:\/\/bos-scheyern.de\/bo\/wp-content\/uploads\/2015\/07\/kirche2-768x512.jpg 768w\" sizes=\"(max-width: 816px) 100vw, 816px\" \/><\/a><\/p>\n<p><a href=\"https:\/\/bos-scheyern.de\/bo\/wp-content\/uploads\/2015\/07\/musikalische-begleitung.jpg\"><img loading=\"lazy\" class=\"alignnone size-full wp-image-1331\" src=\"https:\/\/bos-scheyern.de\/bo\/wp-content\/uploads\/2015\/07\/musikalische-begleitung.jpg\" alt=\"musikalische begleitung\" width=\"1273\" height=\"849\" srcset=\"https:\/\/bos-scheyern.de\/bo\/wp-content\/uploads\/2015\/07\/musikalische-begleitung.jpg 1273w, https:\/\/bos-scheyern.de\/bo\/wp-content\/uploads\/2015\/07\/musikalische-begleitung-300x200.jpg 300w, https:\/\/bos-scheyern.de\/bo\/wp-content\/uploads\/2015\/07\/musikalische-begleitung-768x512.jpg 768w, https:\/\/bos-scheyern.de\/bo\/wp-content\/uploads\/2015\/07\/musikalische-begleitung-1024x683.jpg 1024w\" sizes=\"(max-width: 1273px) 100vw, 1273px\" \/><\/a><br \/>\nDer Gottesdienst wurde stimmungsvoll von den Geschwistern <a href=\"http:\/\/www.annagrillmeier.de\">Grillmeier<\/a>\u00a0und<br \/>\n\u00d6. G\u00fcler\u00a0begleitet.<\/p>\n<p><a href=\"https:\/\/bos-scheyern.de\/bo\/wp-content\/uploads\/2015\/07\/wunschzettel.jpg\"><img loading=\"lazy\" class=\"alignnone size-full wp-image-1334\" src=\"https:\/\/bos-scheyern.de\/bo\/wp-content\/uploads\/2015\/07\/wunschzettel.jpg\" alt=\"wunschzettel\" width=\"1273\" height=\"849\" srcset=\"https:\/\/bos-scheyern.de\/bo\/wp-content\/uploads\/2015\/07\/wunschzettel.jpg 1273w, https:\/\/bos-scheyern.de\/bo\/wp-content\/uploads\/2015\/07\/wunschzettel-300x200.jpg 300w, https:\/\/bos-scheyern.de\/bo\/wp-content\/uploads\/2015\/07\/wunschzettel-768x512.jpg 768w, https:\/\/bos-scheyern.de\/bo\/wp-content\/uploads\/2015\/07\/wunschzettel-1024x683.jpg 1024w\" sizes=\"(max-width: 1273px) 100vw, 1273px\" \/><\/a> In der Kirche wurden Zettel verteilt, auf denen alle ihre W\u00fcnsche f\u00fcr die Zukunft niederschreiben konnten.<\/p>\n<p><a href=\"https:\/\/bos-scheyern.de\/bo\/wp-content\/uploads\/2015\/07\/zeugnisverleihung.jpg\"><img loading=\"lazy\" class=\"alignnone size-full wp-image-1335\" src=\"https:\/\/bos-scheyern.de\/bo\/wp-content\/uploads\/2015\/07\/zeugnisverleihung.jpg\" alt=\"zeugnisverleihung\" width=\"363\" height=\"544\" srcset=\"https:\/\/bos-scheyern.de\/bo\/wp-content\/uploads\/2015\/07\/zeugnisverleihung.jpg 363w, https:\/\/bos-scheyern.de\/bo\/wp-content\/uploads\/2015\/07\/zeugnisverleihung-200x300.jpg 200w\" sizes=\"(max-width: 363px) 100vw, 363px\" \/><\/a><\/p>\n<p>Die Zeugnisverleihung \u00fcbernahm die Schulleitung mit den jeweiligen Klassleitern.<\/p>\n<p><a href=\"https:\/\/bos-scheyern.de\/bo\/wp-content\/uploads\/2015\/07\/empfang.jpg\"><img loading=\"lazy\" class=\"alignnone size-full wp-image-1327\" src=\"https:\/\/bos-scheyern.de\/bo\/wp-content\/uploads\/2015\/07\/empfang.jpg\" alt=\"empfang\" width=\"816\" height=\"544\" srcset=\"https:\/\/bos-scheyern.de\/bo\/wp-content\/uploads\/2015\/07\/empfang.jpg 816w, https:\/\/bos-scheyern.de\/bo\/wp-content\/uploads\/2015\/07\/empfang-300x200.jpg 300w, https:\/\/bos-scheyern.de\/bo\/wp-content\/uploads\/2015\/07\/empfang-768x512.jpg 768w\" sizes=\"(max-width: 816px) 100vw, 816px\" \/><\/a><\/p>\n<p>Sektempfang und H\u00e4ppchen luden zum Verweilen im Innenhof des Klosters ein.<\/p>\n<p><a href=\"https:\/\/bos-scheyern.de\/bo\/wp-content\/uploads\/2015\/07\/luftballons.jpg\"><img loading=\"lazy\" class=\"alignnone size-full wp-image-1329\" src=\"https:\/\/bos-scheyern.de\/bo\/wp-content\/uploads\/2015\/07\/luftballons.jpg\" alt=\"luftballons\" width=\"816\" height=\"544\" srcset=\"https:\/\/bos-scheyern.de\/bo\/wp-content\/uploads\/2015\/07\/luftballons.jpg 816w, https:\/\/bos-scheyern.de\/bo\/wp-content\/uploads\/2015\/07\/luftballons-300x200.jpg 300w, https:\/\/bos-scheyern.de\/bo\/wp-content\/uploads\/2015\/07\/luftballons-768x512.jpg 768w\" sizes=\"(max-width: 816px) 100vw, 816px\" \/><\/a><\/p>\n<p>Anschlie\u00dfend lie\u00dfen die Abiturienten die Luftballons mit ihren Wunschzetteln steigen.<\/p>\n<p><a href=\"https:\/\/bos-scheyern.de\/bo\/wp-content\/uploads\/2015\/07\/luftballons2.jpg\"><img loading=\"lazy\" class=\"alignnone size-full wp-image-1330\" src=\"https:\/\/bos-scheyern.de\/bo\/wp-content\/uploads\/2015\/07\/luftballons2.jpg\" alt=\"luftballons2\" width=\"816\" height=\"544\" srcset=\"https:\/\/bos-scheyern.de\/bo\/wp-content\/uploads\/2015\/07\/luftballons2.jpg 816w, https:\/\/bos-scheyern.de\/bo\/wp-content\/uploads\/2015\/07\/luftballons2-300x200.jpg 300w, https:\/\/bos-scheyern.de\/bo\/wp-content\/uploads\/2015\/07\/luftballons2-768x512.jpg 768w\" sizes=\"(max-width: 816px) 100vw, 816px\" \/><\/a><\/p>\n<p>Auch ein Nachz\u00fcgler fand seinen Weg in Richtung strahlend blauen Himmel.<\/p>\n<p><a href=\"https:\/\/bos-scheyern.de\/bo\/wp-content\/uploads\/2015\/07\/rede_sl.jpg\"><img loading=\"lazy\" class=\"alignnone size-full wp-image-1333\" src=\"https:\/\/bos-scheyern.de\/bo\/wp-content\/uploads\/2015\/07\/rede_sl.jpg\" alt=\"rede_sl\" width=\"363\" height=\"544\" \/><\/a><\/p>\n<p>Das Festzelt f\u00fcr die Abendveranstaltung wurde von der SMV organisiert; mehrere Festredner,\u00a0darunter Schulleiter Hubert Ruisinger, w\u00fcrdigten die Leistungen unserer Absolventen und nahmen verschiedene Auszeichnungen vor.<\/p>\n<p><a href=\"https:\/\/bos-scheyern.de\/bo\/wp-content\/uploads\/2015\/07\/band.jpg\"><img loading=\"lazy\" class=\"alignnone size-full wp-image-1325\" src=\"https:\/\/bos-scheyern.de\/bo\/wp-content\/uploads\/2015\/07\/band.jpg\" alt=\"band\" width=\"816\" height=\"544\" srcset=\"https:\/\/bos-scheyern.de\/bo\/wp-content\/uploads\/2015\/07\/band.jpg 816w, https:\/\/bos-scheyern.de\/bo\/wp-content\/uploads\/2015\/07\/band-300x200.jpg 300w, https:\/\/bos-scheyern.de\/bo\/wp-content\/uploads\/2015\/07\/band-768x512.jpg 768w\" sizes=\"(max-width: 816px) 100vw, 816px\" \/><\/a><\/p>\n<p>Die <a href=\"https:\/\/www.facebook.com\/pages\/Red-Cap-Cats\/116439418444034\">Red Cap Cats<\/a> begleiteten den Abend musikalisch und sorgten f\u00fcr richtig gute Stimmung.<\/p>\n<p>Es war eine gelungene Abschlussfeier.<\/p>\n<p>&nbsp;<\/p>\n<p>Wir w\u00fcnschen allen Abiturienten viel Erfolg auf ihrem weiteren Weg.<\/p>\n<p>N. G\u00fcrtner<\/p>\n<p>Fotos:<a href=\"http:\/\/www.kp-photographie.com\/\"> Philipp Kostecki<\/a><\/p>\n","protected":false},"excerpt":{"rendered":"<p>Ein Jahr ist machmal schnell vorbei, insbesondere dann, wenn die Abiturpr\u00fcfungen anstehen. Schulaufgaben, Kurzarbeiten und Stegreifaufgaben werden in dieser Zeit wie am Flie\u00dfband geschrieben und im Anschluss daran die Abiturpr\u00fcfungen. Eine Zeit, die mit viel Arbeit und Entbehrungen verbunden ist und durch so manche Durststecke f\u00fchrt.<br \/>\n<br \/>\nFotos:<a href=\"http:\/\/www.kp-photographie.com\/\"> Philipp Kostecki<\/a> <a class=\"more-link\" href=\"https:\/\/bos-scheyern.de\/bo\/?p=1324\">weiterlesen<span class=\"screen-reader-text\">Die W\u00fcnsche fliegen &#8211; eine gelungene Abschlussfeier<\/span><span class=\"meta-nav\">\u2192<\/span><\/a><\/p>\n","protected":false},"author":1,"featured_media":1329,"comment_status":"closed","ping_status":"closed","sticky":false,"template":"","format":"standard","meta":[],"categories":[11],"tags":[],"_links":{"self":[{"href":"https:\/\/bos-scheyern.de\/bo\/index.php?rest_route=\/wp\/v2\/posts\/1324"}],"collection":[{"href":"https:\/\/bos-scheyern.de\/bo\/index.php?rest_route=\/wp\/v2\/posts"}],"about":[{"href":"https:\/\/bos-scheyern.de\/bo\/index.php?rest_route=\/wp\/v2\/types\/post"}],"author":[{"embeddable":true,"href":"https:\/\/bos-scheyern.de\/bo\/index.php?rest_route=\/wp\/v2\/users\/1"}],"replies":[{"embeddable":true,"href":"https:\/\/bos-scheyern.de\/bo\/index.php?rest_route=%2Fwp%2Fv2%2Fcomments&post=1324"}],"version-history":[{"count":16,"href":"https:\/\/bos-scheyern.de\/bo\/index.php?rest_route=\/wp\/v2\/posts\/1324\/revisions"}],"predecessor-version":[{"id":1387,"href":"https:\/\/bos-scheyern.de\/bo\/index.php?rest_route=\/wp\/v2\/posts\/1324\/revisions\/1387"}],"wp:featuredmedia":[{"embeddable":true,"href":"https:\/\/bos-scheyern.de\/bo\/index.php?rest_route=\/wp\/v2\/media\/1329"}],"wp:attachment":[{"href":"https:\/\/bos-scheyern.de\/bo\/index.php?rest_route=%2Fwp%2Fv2%2Fmedia&parent=1324"}],"wp:term":[{"taxonomy":"category","embeddable":true,"href":"https:\/\/bos-scheyern.de\/bo\/index.php?rest_route=%2Fwp%2Fv2%2Fcategories&post=1324"},{"taxonomy":"post_tag","embeddable":true,"href":"https:\/\/bos-scheyern.de\/bo\/index.php?rest_route=%2Fwp%2Fv2%2Ftags&post=1324"}],"curies":[{"name":"wp","href":"https:\/\/api.w.org\/{rel}","templated":true}]}}