{"id":1357,"date":"2015-07-30T12:26:19","date_gmt":"2015-07-30T11:26:19","guid":{"rendered":"https:\/\/bos-scheyern.de\/bo\/?p=1357"},"modified":"2015-07-30T12:26:19","modified_gmt":"2015-07-30T11:26:19","slug":"sueddeutsche-zeitung-jugendmedientag","status":"publish","type":"post","link":"https:\/\/bos-scheyern.de\/bo\/?p=1357","title":{"rendered":"S\u00fcddeutsche Zeitung &#8211; Jugendmedientag"},"content":{"rendered":"<p>Lernen bei den Profis. Die Teilnehmer des Medienseminars besuchten im Rahmen der Seminarphase den Jugendmedientag der S\u00fcddeutschen Zeitung und gewannen interessante Einblicke in die Welt der Journalisten und Redakteure. So konnten den Mitarbeitern um Chefredakteur Wolfgang Krach das ein oder andere Geheimnis wie auch so mache Banalit\u00e4t entlockt werden.<\/p>\n<p>Es ist ein imposantes Geb\u00e4ude, das SV-Hochhaus, die Zentrale einer der gr\u00f6\u00dften und einflussreichsten Tageszeitungen der Republik. Die S\u00fcddeutsche Zeitung. Ein gro\u00dfer Name, ein gro\u00dfes Geb\u00e4ude und gro\u00dfe Erwartungen an den Jugendmedientag.<\/p>\n<p>Wolfgang Krach, der lange f\u00fcr den Donaukurier Ingolstadt t\u00e4tig war und jetzt zusammen mit Kurt Kister die Geschicke der Zeitung lenkt, stand den Sch\u00fclern Rede und Antwort. Auf die Frage hin, ob er denn ein Geheimnis f\u00fcr junge Journalisten h\u00e4tte, antwortete er mit einem Augenzwinkern, dass man sich immer gut auf ein Interview vorbereiten solle, damit man seinen Gespr\u00e4chspartner so richtig qu\u00e4len k\u00f6nne.<br \/>\n<br \/>\n<iframe width=\"560\" height=\"315\" autoplay=\"false\"\nsrc=\"https:\/\/bos-scheyern.de\/bo\/wp-content\/uploads\/2015\/07\/sz2.mp4\"><br \/>\n<\/iframe><br \/>\n<br \/>\nDer Referent zum Thema Online-Journalismus verriet, warum er vom Lehramt zum Journalismus wechselte. Er h\u00e4tte gehofft, nicht so fr\u00fch aufstehen zu m\u00fcssen, was sich leider nicht best\u00e4tigt habe, und er f\u00fcgte an: &#8222;Wenn Ihr Journalisten werden wollt, dann solltet Ihr am besten nicht Journalismus studieren.&#8220;<\/p>\n<p>Die Workshops waren gespickt mit vielen interessanten und wichtigen Details zur Arbeit rund um das Thema Journalismus und der damit verbundenen wie auch nicht immer wahrgenommenen Verantwortung. So fragte Sebastian Beck, ob Journalisten \u00fcber den Zusammenbruch Horst Seehofers w\u00e4hrend der Wagner-Oper Tristan in Bayreuth berichten d\u00fcrften, oder ob das zu sehr in die Privatsph\u00e4re der Privatperson Horst Seehofer eingreifen w\u00fcrde. Nebenbei erw\u00e4hnte er, dass er es durchaus f\u00fcr verst\u00e4ndlich halte, wenn man nach drei Stunden Oper einen Schw\u00e4cheanfall bekomme.<\/p>\n<p>Unterhaltsam, informativ und kurzweilig war der Jugendmedientag.<\/p>\n<p>&nbsp;<br \/>\nMusik: Give me a Sign &#8211; Drunksouls<\/p>\n<p>N. G\u00fcrtner<\/p>\n","protected":false},"excerpt":{"rendered":"<p>Lernen bei den Profis. Die Teilnehmer des Medienseminars besuchten im Rahmen der Seminarphase den Jugendmedientag der S\u00fcddeutschen Zeitung und gewannen interessante Einblicke in die Welt der Journalisten und Redakteure. So konnten den Mitarbeitern um Chefredakteur Wolfgang Krach das ein oder andere Geheimnis wie auch so mache Banalit\u00e4t entlockt werden. <a class=\"more-link\" href=\"https:\/\/bos-scheyern.de\/bo\/?p=1357\">weiterlesen<span class=\"screen-reader-text\">S\u00fcddeutsche Zeitung &#8211; Jugendmedientag<\/span><span class=\"meta-nav\">\u2192<\/span><\/a><\/p>\n","protected":false},"author":1,"featured_media":1390,"comment_status":"closed","ping_status":"closed","sticky":false,"template":"","format":"standard","meta":[],"categories":[11],"tags":[],"_links":{"self":[{"href":"https:\/\/bos-scheyern.de\/bo\/index.php?rest_route=\/wp\/v2\/posts\/1357"}],"collection":[{"href":"https:\/\/bos-scheyern.de\/bo\/index.php?rest_route=\/wp\/v2\/posts"}],"about":[{"href":"https:\/\/bos-scheyern.de\/bo\/index.php?rest_route=\/wp\/v2\/types\/post"}],"author":[{"embeddable":true,"href":"https:\/\/bos-scheyern.de\/bo\/index.php?rest_route=\/wp\/v2\/users\/1"}],"replies":[{"embeddable":true,"href":"https:\/\/bos-scheyern.de\/bo\/index.php?rest_route=%2Fwp%2Fv2%2Fcomments&post=1357"}],"version-history":[{"count":37,"href":"https:\/\/bos-scheyern.de\/bo\/index.php?rest_route=\/wp\/v2\/posts\/1357\/revisions"}],"predecessor-version":[{"id":1399,"href":"https:\/\/bos-scheyern.de\/bo\/index.php?rest_route=\/wp\/v2\/posts\/1357\/revisions\/1399"}],"wp:featuredmedia":[{"embeddable":true,"href":"https:\/\/bos-scheyern.de\/bo\/index.php?rest_route=\/wp\/v2\/media\/1390"}],"wp:attachment":[{"href":"https:\/\/bos-scheyern.de\/bo\/index.php?rest_route=%2Fwp%2Fv2%2Fmedia&parent=1357"}],"wp:term":[{"taxonomy":"category","embeddable":true,"href":"https:\/\/bos-scheyern.de\/bo\/index.php?rest_route=%2Fwp%2Fv2%2Fcategories&post=1357"},{"taxonomy":"post_tag","embeddable":true,"href":"https:\/\/bos-scheyern.de\/bo\/index.php?rest_route=%2Fwp%2Fv2%2Ftags&post=1357"}],"curies":[{"name":"wp","href":"https:\/\/api.w.org\/{rel}","templated":true}]}}