{"id":1406,"date":"2015-09-28T14:02:29","date_gmt":"2015-09-28T13:02:29","guid":{"rendered":"https:\/\/bos-scheyern.de\/bo\/?p=1406"},"modified":"2015-09-28T14:02:29","modified_gmt":"2015-09-28T13:02:29","slug":"die-bo-scheyern-auf-dem-lernfest-ingolstadtlandplus-am-18-juli-2015","status":"publish","type":"post","link":"https:\/\/bos-scheyern.de\/bo\/?p=1406","title":{"rendered":"Die BO Scheyern auf dem Lernfest IngolstadtLandPlus am 18. Juli 2015"},"content":{"rendered":"<p>Die von der IRMA (Initiative Regionalmanagement Region Ingolstadt) alle zwei Jahre organisierte Veranstaltung fand diesmal auf dem Barthelmarktgel\u00e4nde in Manching\/Oberstimm bei nahezu tropischen Temperaturen statt. Diese hielten die gro\u00dfen und kleinen Besucher nicht ab, am Bildungsevent teilzuhaben.<br \/>\n<a href=\"https:\/\/bos-scheyern.de\/bo\/wp-content\/uploads\/2015\/09\/20150718_092846.jpg\"><img loading=\"lazy\" class=\"alignnone size-full wp-image-1409\" src=\"https:\/\/bos-scheyern.de\/bo\/wp-content\/uploads\/2015\/09\/20150718_092846.jpg\" alt=\"20150718_092846\" width=\"800\" height=\"450\" srcset=\"https:\/\/bos-scheyern.de\/bo\/wp-content\/uploads\/2015\/09\/20150718_092846.jpg 800w, https:\/\/bos-scheyern.de\/bo\/wp-content\/uploads\/2015\/09\/20150718_092846-300x169.jpg 300w, https:\/\/bos-scheyern.de\/bo\/wp-content\/uploads\/2015\/09\/20150718_092846-768x432.jpg 768w\" sizes=\"(max-width: 800px) 100vw, 800px\" \/><\/a><\/p>\n<p><a href=\"https:\/\/bos-scheyern.de\/bo\/wp-content\/uploads\/2015\/09\/20150718_092746.jpg\"><img loading=\"lazy\" class=\"wp-image-1408 alignright\" src=\"https:\/\/bos-scheyern.de\/bo\/wp-content\/uploads\/2015\/09\/20150718_092746.jpg\" alt=\"20150718_092746\" width=\"162\" height=\"281\" \/><\/a>Die BO Scheyern teilte sich den Stand mit Vertretern des Bund Naturschutz. Dies passte zum Motto &#8220;Clean Tech and Green Energy&#8220;, das den Rahmen f\u00fcr etliche Seminararbeiten vorgab, an denen Sch\u00fcler der 12. Klassen, die am D\u00e4nemarkaustausch teilnehmen, in den vorangegangenen Wochen gearbeitet hatten. Einige dieser Arbeiten besch\u00e4ftigen sich mit unterschiedlichen Aspekten des &#8220;Energiespardorfs&#8220;, das am Stand ausgestellt war und viele interessierte Besucher anzog. Nebenher konnten die kleineren Besucher radelnd Strom erzeugen, der dazu diente Licht und Musik zu generieren. Der Stand war Teil des MINT-Parcours (MINT \u2013 Mathematik, Informatik, Naturwissenschaften, Technik). Viele der Besucher informierten sich auch an den Schautafeln \u00fcber den Bildungsweg FOS und BOS, sowie die Angebote in Scheyern und stellten weiterf\u00fchrende Fragen.<\/p>\n<p>Sigrid Seibt<\/p>\n","protected":false},"excerpt":{"rendered":"<p>Die von der IRMA (Initiative Regionalmanagement Region Ingolstadt) alle zwei Jahre organisierte Veranstaltung fand diesmal auf dem Barthelmarktgel\u00e4nde in Manching\/Oberstimm bei nahezu tropischen Temperaturen statt. Diese hielten die gro\u00dfen und <a class=\"more-link\" href=\"https:\/\/bos-scheyern.de\/bo\/?p=1406\">weiterlesen<span class=\"screen-reader-text\">Die BO Scheyern auf dem Lernfest IngolstadtLandPlus am 18. Juli 2015<\/span><span class=\"meta-nav\">\u2192<\/span><\/a><\/p>\n","protected":false},"author":1,"featured_media":1409,"comment_status":"closed","ping_status":"closed","sticky":false,"template":"","format":"standard","meta":[],"categories":[11],"tags":[],"_links":{"self":[{"href":"https:\/\/bos-scheyern.de\/bo\/index.php?rest_route=\/wp\/v2\/posts\/1406"}],"collection":[{"href":"https:\/\/bos-scheyern.de\/bo\/index.php?rest_route=\/wp\/v2\/posts"}],"about":[{"href":"https:\/\/bos-scheyern.de\/bo\/index.php?rest_route=\/wp\/v2\/types\/post"}],"author":[{"embeddable":true,"href":"https:\/\/bos-scheyern.de\/bo\/index.php?rest_route=\/wp\/v2\/users\/1"}],"replies":[{"embeddable":true,"href":"https:\/\/bos-scheyern.de\/bo\/index.php?rest_route=%2Fwp%2Fv2%2Fcomments&post=1406"}],"version-history":[{"count":3,"href":"https:\/\/bos-scheyern.de\/bo\/index.php?rest_route=\/wp\/v2\/posts\/1406\/revisions"}],"predecessor-version":[{"id":1411,"href":"https:\/\/bos-scheyern.de\/bo\/index.php?rest_route=\/wp\/v2\/posts\/1406\/revisions\/1411"}],"wp:featuredmedia":[{"embeddable":true,"href":"https:\/\/bos-scheyern.de\/bo\/index.php?rest_route=\/wp\/v2\/media\/1409"}],"wp:attachment":[{"href":"https:\/\/bos-scheyern.de\/bo\/index.php?rest_route=%2Fwp%2Fv2%2Fmedia&parent=1406"}],"wp:term":[{"taxonomy":"category","embeddable":true,"href":"https:\/\/bos-scheyern.de\/bo\/index.php?rest_route=%2Fwp%2Fv2%2Fcategories&post=1406"},{"taxonomy":"post_tag","embeddable":true,"href":"https:\/\/bos-scheyern.de\/bo\/index.php?rest_route=%2Fwp%2Fv2%2Ftags&post=1406"}],"curies":[{"name":"wp","href":"https:\/\/api.w.org\/{rel}","templated":true}]}}