{"id":1416,"date":"2015-10-15T16:52:48","date_gmt":"2015-10-15T15:52:48","guid":{"rendered":"https:\/\/bos-scheyern.de\/bo\/?p=1416"},"modified":"2015-10-20T17:48:37","modified_gmt":"2015-10-20T16:48:37","slug":"landesausstellung-napoleon-und-bayern","status":"publish","type":"post","link":"https:\/\/bos-scheyern.de\/bo\/?p=1416","title":{"rendered":"Landesausstellung &#8222;Napoleon und Bayern&#8220;"},"content":{"rendered":"<p>Wenn die Bayerische Landesausstellung \u201eNapoleon und Bayern\u201c in Ingolstadt stattfindet, ist ein Besuch schon aufgrund der geografischen N\u00e4he nahezu ein Muss.<\/p>\n<p>Die Klasse B-W12A hatte am 6. Oktober 2015 Gelegenheit, dieser \u201eVerpflichtung\u201c nachzukommen.<\/p>\n<p>J. Neugebauer, Student der Geschichtswissenschaften im 6. Semester, f\u00fchrte unsere Klasse souver\u00e4n und detailsicher durch die ansprechend gestaltete Ausstellung. Die F\u00fchrung dauerte nahezu zwei Stunden und bot unseren Sch\u00fclern dabei viele interessante Einblicke in die Geschichte Bayerns w\u00e4hrend der Napoleonischen \u00c4ra.<\/p>\n<p>F. Waller<\/p>\n<figure id=\"attachment_1417\" aria-describedby=\"caption-attachment-1417\" style=\"width: 227px\" class=\"wp-caption alignleft\"><a href=\"https:\/\/bos-scheyern.de\/bo\/wp-content\/uploads\/2015\/10\/Plakat-Landesausstellung.jpg\"><img loading=\"lazy\" class=\"wp-image-1417\" src=\"https:\/\/bos-scheyern.de\/bo\/wp-content\/uploads\/2015\/10\/Plakat-Landesausstellung.jpg\" alt=\"Plakat Landesausstellung\" width=\"227\" height=\"443\" \/><\/a><figcaption id=\"caption-attachment-1417\" class=\"wp-caption-text\">\u00a9 Grafik: B\u00fcro Wilhelm, Amberg, Foto: Belvedere, Wien<\/figcaption><\/figure>\n<p class=\"western\" align=\"justify\"><span style=\"font-family: Arial,sans-serif;\">Bonaparte \u00fcberquert die Alpen am St. Bernhard (Napoleon am Gro\u00dfen St. Bernhard) (Bonaparte franchissant les Alpes au Grand-Saint-Bernard)<\/span><span style=\"color: #000000;\"><span style=\"font-family: Arial,sans-serif;\"> Gem\u00e4lde, \u00d6l\/LW, Jacques-Louis David, 1801<\/span><\/span><\/p>\n<p class=\"western\"><span style=\"font-family: Arial,sans-serif;\">\u00d6sterreichische Galerie Belvedere Wien<\/span><span style=\"color: #585858;\"><span style=\"font-family: Lucida Grande,Times New Roman;\"><span style=\"font-size: xx-small;\"><br \/>\n<\/span><\/span><\/span><span style=\"font-family: Arial,sans-serif;\">Inv. Nr. <\/span><span style=\"color: #000000;\"><span style=\"font-family: Arial,sans-serif;\">2089<\/span><\/span><\/p>\n","protected":false},"excerpt":{"rendered":"<p>Wenn die Bayerische Landesausstellung \u201eNapoleon und Bayern\u201c in Ingolstadt stattfindet, ist ein Besuch schon aufgrund der geografischen N\u00e4he nahezu ein Muss.<br \/>\nDie Klasse B-W12A hatte am 6. Oktober 2015 Gelegenheit, dieser \u201eVerpflichtung\u201c nachzukommen.<\/p>\n<p>\u00a9 Grafik: B\u00fcro Wilhelm, Amberg, Foto: Belvedere, Wien<br \/>\n <a class=\"more-link\" href=\"https:\/\/bos-scheyern.de\/bo\/?p=1416\">weiterlesen<span class=\"screen-reader-text\">Landesausstellung &#8222;Napoleon und Bayern&#8220;<\/span><span class=\"meta-nav\">\u2192<\/span><\/a><\/p>\n","protected":false},"author":5,"featured_media":0,"comment_status":"closed","ping_status":"closed","sticky":false,"template":"","format":"standard","meta":[],"categories":[11],"tags":[],"_links":{"self":[{"href":"https:\/\/bos-scheyern.de\/bo\/index.php?rest_route=\/wp\/v2\/posts\/1416"}],"collection":[{"href":"https:\/\/bos-scheyern.de\/bo\/index.php?rest_route=\/wp\/v2\/posts"}],"about":[{"href":"https:\/\/bos-scheyern.de\/bo\/index.php?rest_route=\/wp\/v2\/types\/post"}],"author":[{"embeddable":true,"href":"https:\/\/bos-scheyern.de\/bo\/index.php?rest_route=\/wp\/v2\/users\/5"}],"replies":[{"embeddable":true,"href":"https:\/\/bos-scheyern.de\/bo\/index.php?rest_route=%2Fwp%2Fv2%2Fcomments&post=1416"}],"version-history":[{"count":9,"href":"https:\/\/bos-scheyern.de\/bo\/index.php?rest_route=\/wp\/v2\/posts\/1416\/revisions"}],"predecessor-version":[{"id":1437,"href":"https:\/\/bos-scheyern.de\/bo\/index.php?rest_route=\/wp\/v2\/posts\/1416\/revisions\/1437"}],"wp:attachment":[{"href":"https:\/\/bos-scheyern.de\/bo\/index.php?rest_route=%2Fwp%2Fv2%2Fmedia&parent=1416"}],"wp:term":[{"taxonomy":"category","embeddable":true,"href":"https:\/\/bos-scheyern.de\/bo\/index.php?rest_route=%2Fwp%2Fv2%2Fcategories&post=1416"},{"taxonomy":"post_tag","embeddable":true,"href":"https:\/\/bos-scheyern.de\/bo\/index.php?rest_route=%2Fwp%2Fv2%2Ftags&post=1416"}],"curies":[{"name":"wp","href":"https:\/\/api.w.org\/{rel}","templated":true}]}}