{"id":171,"date":"2014-07-06T14:07:10","date_gmt":"2014-07-06T14:07:10","guid":{"rendered":"http:\/\/cms2.bos-scheyern.de\/?p=171"},"modified":"2025-09-19T19:58:30","modified_gmt":"2025-09-19T17:58:30","slug":"fachpraktische-ausbildung","status":"publish","type":"post","link":"https:\/\/bos-scheyern.de\/bo\/?p=171","title":{"rendered":"Fachpraktische Ausbildung an der Fachoberschule (fpA)"},"content":{"rendered":"<div style=\"text-align: center;\" align=\"left\">\n<p><img loading=\"lazy\" class=\"wp-image-519 alignright\" src=\"https:\/\/bos-scheyern.de\/bo\/wp-content\/uploads\/2015\/01\/Fotolia_50582911_XS.jpg\" alt=\"Girls' Day\" width=\"195\" height=\"130\" srcset=\"https:\/\/bos-scheyern.de\/bo\/wp-content\/uploads\/2015\/01\/Fotolia_50582911_XS.jpg 424w, https:\/\/bos-scheyern.de\/bo\/wp-content\/uploads\/2015\/01\/Fotolia_50582911_XS-300x200.jpg 300w\" sizes=\"(max-width: 195px) 100vw, 195px\" \/><\/p>\n<hr \/>\n<p lang=\"en-GB\" style=\"text-align: left;\"><span style=\"font-family: Arial;\">Einen Schwerpunkt in der Jahrgangsstufe 11 b<\/span><span style=\"font-family: Arial;\">ildet di<\/span><span style=\"font-family: Arial;\">e<\/span><span style=\"font-family: Arial;\"> fachpraktische<\/span><span style=\"font-family: Arial;\"> Ausbildung, die ca. <\/span><span style=\"font-family: Arial;\">die H\u00e4lfte <\/span><span style=\"font-family: Arial;\">der Unterrichtszeit umfasst und <\/span><span style=\"font-family: Arial;\">\u00fcberwiegend in Betrieben des Lan<\/span><span style=\"font-family: Arial;\">dkreises stattfindet.<\/span><\/p>\n<hr \/>\n<h4 lang=\"en-GB\" style=\"text-align: left;\">Termin\u00fcbersicht<\/h4>\n<p style=\"text-align: left;\">Eine \u00dcbersicht \u00fcber alle wichtigen Termine finden Sie hier:<\/p>\n<p style=\"text-align: left;\"><a href=\"https:\/\/bos-scheyern.de\/bo\/?p=462\">Termin\u00fcbersicht<\/a><\/p>\n<hr \/>\n<h4 lang=\"en-GB\" style=\"text-align: left;\">Konzept der fpA<\/h4>\n<p lang=\"en-GB\" style=\"text-align: left;\"><span style=\"font-family: Arial;\">Alle <\/span><span style=\"font-family: Arial;\">Informationen zum Konzept der fpA finden Sie hier:<\/span><\/p>\n<p lang=\"en-GB\" style=\"text-align: left;\"><a href=\"https:\/\/bos-scheyern.de\/bo\/wp-content\/uploads\/2025\/04\/Konzept-fpA.pdf\"><span style=\"font-family: Arial;\"><span style=\"font-family: Arial;\">Konzept &#8222;Fachpraktische Ausbildung&#8220; <\/span><\/span><\/a><\/p>\n<hr \/>\n<\/div>\n<h4 style=\"text-align: left;\">Einsch\u00e4tzungsb\u00f6gen f\u00fcr Betriebe<\/h4>\n<div style=\"text-align: center;\" align=\"left\">\n<ul>\n<li style=\"text-align: left;\"><span style=\"font-family: Arial;\">Einsch\u00e4tzungsbogen Technik &#8211; f\u00fcr die Betriebe <a href=\"https:\/\/bos-scheyern.de\/bo\/wp-content\/uploads\/2020\/01\/Technik_Einsch\u00e4tzungsbogen.docx\">doc<\/a> \/ <a href=\"https:\/\/bos-scheyern.de\/bo\/wp-content\/uploads\/2020\/01\/Technik_Einsch\u00e4tzungsbogen.pdf\">pdf<\/a> [Stand: Jan.2020]<\/span><\/li>\n<\/ul>\n<ul>\n<li style=\"text-align: left;\"><span style=\"font-family: Arial;\">Einsch\u00e4tzungsbogen Wirtschaft &#8211; f\u00fcr die Betriebe <a href=\"https:\/\/bos-scheyern.de\/bo\/wp-content\/uploads\/2020\/01\/Wirtschaft_-Verwaltung_Einsch\u00e4tzungsbogen.docx\">doc<\/a> \/ <a href=\"https:\/\/bos-scheyern.de\/bo\/wp-content\/uploads\/2020\/01\/Wirtschaft_-Verwaltung_Einsch\u00e4tzungsbogen.pdf\">pdf<\/a> [Stand: Jan.2020]<\/span><\/li>\n<\/ul>\n<ul>\n<li style=\"text-align: left;\"><span style=\"font-family: Arial;\">Einsch\u00e4tzungsbogen Sozialwesen &#8211; f\u00fcr die Betriebe <a href=\"https:\/\/bos-scheyern.de\/bo\/wp-content\/uploads\/2020\/01\/Sozialwesen_Einsch\u00e4tzungsbogen.docx\">doc<\/a> \/ <a href=\"https:\/\/bos-scheyern.de\/bo\/wp-content\/uploads\/2020\/01\/Sozialwesen_Einsch\u00e4tzungsbogen.pdf\">pdf<\/a> [Stand: Jan.2020]<\/span><\/li>\n<\/ul>\n<ul>\n<li style=\"text-align: left;\"><span style=\"font-family: Arial;\">Einsch\u00e4tzungsbogen ABU &#8211; f\u00fcr die Betriebe <a href=\"https:\/\/bos-scheyern.de\/bo\/wp-content\/uploads\/2020\/01\/ABU_Einsch\u00e4tzungsbogen.docx\">doc<\/a> \/ <a href=\"https:\/\/bos-scheyern.de\/bo\/wp-content\/uploads\/2020\/01\/ABU_Einsch\u00e4tzungsbogen.pdf\">pdf<\/a> [Stand: Jan.2020]<\/span><\/li>\n<\/ul>\n<\/div>\n<hr \/>\n<h4 style=\"text-align: left;\">T\u00e4tigkeitsbericht<\/h4>\n<div style=\"text-align: center;\" align=\"left\">\n<p style=\"text-align: left;\"><a href=\"https:\/\/bos-scheyern.de\/bo\/wp-content\/uploads\/2025\/09\/Ta\u0308tigkeitsnachweis-DINA4-einseitig_final.pdf\" target=\"_blank\" rel=\"noopener\"><span style=\"font-family: Arial;\">Vorlage (einseitig)<\/span><\/a><\/p>\n<p style=\"text-align: left;\"><a href=\"https:\/\/bos-scheyern.de\/bo\/wp-content\/uploads\/2025\/09\/Ta\u0308tigkeitsnachweis-DINA4-zweiseitig_final.pdf\" target=\"_blank\" rel=\"noopener\">Vorlage (zweiseitig)<\/a><\/p>\n<hr \/>\n<h4 lang=\"en-GB\" style=\"text-align: left;\">Praktikumsvertrag<\/h4>\n<p lang=\"en-GB\" style=\"text-align: left;\"><span style=\"font-family: Arial;\">Sch\u00fcler, die sich selbstst\u00e4ndig um einen Praktikumsplatz bem\u00fchen, k\u00f6nnen hier den Praktikumsvertrag herunterladen und dann ausgef\u00fcllt (und unterschrieben!) an uns schicken. Vielen Dank!<\/span><\/p>\n<p style=\"text-align: left;\"><a href=\"https:\/\/bos-scheyern.de\/bo\/wp-content\/uploads\/2025\/07\/Praktikumsvereinbarung-2526-V2.pdf\">Praktikumsvereinbarung<\/a><\/p>\n<div style=\"text-align: left;\" align=\"left\">\n<hr \/>\n<h4>Ausbildungsinhalte<\/h4>\n<p>Die Ausbildungsinhalte der fpA in den Ausbildungsrichtungen Sozialwesen, Technik und Wirtschaft und Verwaltung finden Sie in den jeweiligen Lehrpl\u00e4nen (Richtlinien) auf den Seiten des ISB M\u00fcnchen unter folgendem <a href=\"http:\/\/www.lehrplanplus.bayern.de\/schulart\/fos\/inhalt\/fachlehrplaene?w_schulart=fos&amp;wt_1=schulart&amp;w_fach=fpa&amp;wt_2=fach&amp;w_jgs=11&amp;wt_3=jgs\">Link<\/a>.<\/p>\n<\/div>\n<hr \/>\n<\/div>\n","protected":false},"excerpt":{"rendered":"<p>Einen Schwerpunkt in der Jahrgangsstufe 11 bildet die fachpraktische Ausbildung, die ca. die H\u00e4lfte der Unterrichtszeit umfasst und \u00fcberwiegend in Betrieben des Landkreises stattfindet. Termin\u00fcbersicht Eine \u00dcbersicht \u00fcber alle wichtigen <a class=\"more-link\" href=\"https:\/\/bos-scheyern.de\/bo\/?p=171\">weiterlesen<span class=\"screen-reader-text\">Fachpraktische Ausbildung an der Fachoberschule (fpA)<\/span><span class=\"meta-nav\">\u2192<\/span><\/a><\/p>\n","protected":false},"author":1,"featured_media":519,"comment_status":"closed","ping_status":"closed","sticky":false,"template":"","format":"standard","meta":[],"categories":[5],"tags":[],"_links":{"self":[{"href":"https:\/\/bos-scheyern.de\/bo\/index.php?rest_route=\/wp\/v2\/posts\/171"}],"collection":[{"href":"https:\/\/bos-scheyern.de\/bo\/index.php?rest_route=\/wp\/v2\/posts"}],"about":[{"href":"https:\/\/bos-scheyern.de\/bo\/index.php?rest_route=\/wp\/v2\/types\/post"}],"author":[{"embeddable":true,"href":"https:\/\/bos-scheyern.de\/bo\/index.php?rest_route=\/wp\/v2\/users\/1"}],"replies":[{"embeddable":true,"href":"https:\/\/bos-scheyern.de\/bo\/index.php?rest_route=%2Fwp%2Fv2%2Fcomments&post=171"}],"version-history":[{"count":100,"href":"https:\/\/bos-scheyern.de\/bo\/index.php?rest_route=\/wp\/v2\/posts\/171\/revisions"}],"predecessor-version":[{"id":6720,"href":"https:\/\/bos-scheyern.de\/bo\/index.php?rest_route=\/wp\/v2\/posts\/171\/revisions\/6720"}],"wp:featuredmedia":[{"embeddable":true,"href":"https:\/\/bos-scheyern.de\/bo\/index.php?rest_route=\/wp\/v2\/media\/519"}],"wp:attachment":[{"href":"https:\/\/bos-scheyern.de\/bo\/index.php?rest_route=%2Fwp%2Fv2%2Fmedia&parent=171"}],"wp:term":[{"taxonomy":"category","embeddable":true,"href":"https:\/\/bos-scheyern.de\/bo\/index.php?rest_route=%2Fwp%2Fv2%2Fcategories&post=171"},{"taxonomy":"post_tag","embeddable":true,"href":"https:\/\/bos-scheyern.de\/bo\/index.php?rest_route=%2Fwp%2Fv2%2Ftags&post=171"}],"curies":[{"name":"wp","href":"https:\/\/api.w.org\/{rel}","templated":true}]}}