{"id":1931,"date":"2017-02-17T20:32:11","date_gmt":"2017-02-17T19:32:11","guid":{"rendered":"https:\/\/bos-scheyern.de\/bo\/?p=1931"},"modified":"2024-02-01T07:26:45","modified_gmt":"2024-02-01T06:26:45","slug":"infos-zu-sozialwesen","status":"publish","type":"post","link":"https:\/\/bos-scheyern.de\/bo\/?p=1931","title":{"rendered":"Informationen zur Ausbildungsrichtung Sozialwesen"},"content":{"rendered":"<h3><strong>Allgemeine Informationen:<\/strong><\/h3>\n<div style=\"float: right;\"><video poster=\"https:\/\/cdn.fosbos-scheyern.de\/0\/sozial.jpg\" controls=\"controls\" width=\"300px\" height=\"150\"><source type=\"video\/mp4\" src=\"https:\/\/cdn.fosbos-scheyern.de\/0\/ErklaervideoSozialwesen.mp4\" \/><\/video><\/div>\n<div>Der fachspezifische Schwerpunkt der Ausbildungsrichtung Sozialwesen liegt im Bereich<em> P\u00e4dagogik und Psychologie<\/em>, der auch Bestandteil der Abschlusspr\u00fcfungen ist.<\/p>\n<p>Vermittelt werden vertiefte Kenntnisse zum Verst\u00e4ndnis menschlichen Verhaltens. Erg\u00e4nzt wird das Angebot durch F\u00e4cher aus dem naturwissenschaftlichen, wirtschaftswissenschaftlichen und musischen Bereich.<\/p>\n<p>Die Unterrichtsinhalte stehen in enger Verbindung mit den Erfahrungen aus der fachpraktischen Ausbildung in Einrichtungen der sozialen Arbeit u.a. mit Kindern, Jugendlichen, Senioren, in p\u00e4dagogischen, heilerzieherischen und pflegerischen Bereichen.<\/p>\n<p>Die Ausbildungsrichtung Sozialwesen bereitet auf Studieng\u00e4nge an Hochschulen in den Fachrichtungen <strong>Soziale Arbeit und Pflegewissenschaft\/-management<\/strong> vor.<\/p>\n<\/div>\n<hr \/>\n<h3><strong>Allgemeinbildende F\u00e4cher (alle Ausbildungsrichtungen):<\/strong><\/h3>\n<p><strong>Deutsch<\/strong>*, <strong>Englisch<\/strong>*, <strong>Mathematik<\/strong>*<br \/>\n(weitere allgemeinbildende F\u00e4cher: Religionslehre, Geschichte, Sozialkunde, Sport)<br \/>\n*<strong>Pr\u00fcfungsf\u00e4cher<\/strong><\/p>\n<table>\n<tbody>\n<tr>\n<td width=\"302\"><strong>Fachpraktische Ausbildung (11. Klasse)<\/strong><\/td>\n<td width=\"302\"><strong>Pro\ufb01lf\u00e4cher<\/strong><\/td>\n<\/tr>\n<tr>\n<td width=\"302\">\n<p>Informationen \u00fcber die<\/p>\n<p>Struktur sozialer Einrichtungen<br \/>\nund Mitwirkung in den Bereichen<\/p>\n<p>\u2022\u00a0\u00a0\u00a0\u00a0\u00a0\u00a0\u00a0\u00a0 Erziehung<\/p>\n<p>\u2022\u00a0\u00a0\u00a0\u00a0\u00a0\u00a0\u00a0\u00a0 P\ufb02ege<\/p>\n<p>\u2022\u00a0\u00a0\u00a0\u00a0\u00a0\u00a0\u00a0\u00a0 Betreuung<\/td>\n<td width=\"302\">\n<p>\u2022\u00a0\u00a0\u00a0\u00a0\u00a0\u00a0\u00a0\u00a0 <strong>P\u00e4dagogik\/Psychologie<\/strong>*<\/p>\n<p>\u2022\u00a0\u00a0\u00a0\u00a0\u00a0\u00a0\u00a0\u00a0 Chemie<\/p>\n<p>\u2022\u00a0\u00a0\u00a0\u00a0\u00a0\u00a0\u00a0\u00a0 Biologie<\/p>\n<p>\u2022\u00a0\u00a0\u00a0\u00a0\u00a0\u00a0\u00a0\u00a0 Sozialwirtschaft und Recht<\/p>\n<p>\u2022\u00a0\u00a0\u00a0\u00a0\u00a0\u00a0\u00a0\u00a0 Soziologie<\/td>\n<\/tr>\n<\/tbody>\n<\/table>\n<p>Der Unterricht in <em>P\u00e4dagogik\/Psychologie<\/em> vermittelt nicht nur Einblicke in wissenschaftliche Sichtweisen des menschlichen Erlebens, Verhaltens und Handelns, sondern er soll auch die Bereitschaft f\u00f6rdern, anderen Menschen offen und einf\u00fchlsam gegen\u00fcberzutreten, sozial-emotionale Kompetenzen zu erwerben und die F\u00e4higkeit st\u00e4rken, sich mit sich selbst auseinanderzusetzen &#8211; letztendlich als Beitrag zur Weiterentwicklung der eigenen Pers\u00f6nlichkeit. Durchg\u00e4ngiges Unterrichtsprinzip ist es, den Sch\u00fclern auch M\u00f6glichkeiten zur Erprobung unterschiedlichster Lern-, Studier- und Pr\u00e4sentationstechniken zu bieten.<br \/>\nDabei werden Erfahrungen aus der fachpraktischen Ausbildung im sozialen Bereich m\u00f6glichst umfassend aufgegriffen.<\/p>\n<h3><strong>Stundentafel:<\/strong><\/h3>\n<p>Die Stundentafel gilt ab dem Schuljahr 2017\/2018 nach der neuen FOBOSO.<\/p>\n<p><strong>Pflichtf\u00e4cher<\/strong><\/p>\n<ol>\n<li>A)<strong> Allgemeinbildende F\u00e4cher und Gesamtsummen<\/strong><\/li>\n<\/ol>\n<table>\n<tbody>\n<tr>\n<td width=\"292\">Jahrgangsstufe<\/td>\n<td width=\"85\">Vorkurs<\/td>\n<td width=\"85\">Vorklasse<\/td>\n<td width=\"85\">11<\/td>\n<td width=\"76\">12<\/td>\n<td width=\"79\">13<\/td>\n<\/tr>\n<tr>\n<td width=\"292\"><\/td>\n<td width=\"85\">halbj\u00e4hrig<\/td>\n<td width=\"85\"><\/td>\n<td width=\"85\"><\/td>\n<td width=\"76\"><\/td>\n<td width=\"79\"><\/td>\n<\/tr>\n<tr>\n<td width=\"292\">Religionslehre<sup>1)<\/sup><\/td>\n<td width=\"85\"><\/td>\n<td width=\"85\">1<\/td>\n<td width=\"85\"><\/td>\n<td width=\"76\">2<\/td>\n<td width=\"79\">1<\/td>\n<\/tr>\n<tr>\n<td width=\"292\">Deutsch<\/td>\n<td width=\"85\">2<\/td>\n<td width=\"85\">8<\/td>\n<td width=\"85\">2<\/td>\n<td width=\"76\">4<\/td>\n<td width=\"79\">5<\/td>\n<\/tr>\n<tr>\n<td width=\"292\">Englisch<\/td>\n<td width=\"85\">2<\/td>\n<td width=\"85\">8<\/td>\n<td width=\"85\">2<\/td>\n<td width=\"76\">4<\/td>\n<td width=\"79\">5<\/td>\n<\/tr>\n<tr>\n<td width=\"292\">Geschichte<\/td>\n<td width=\"85\"><\/td>\n<td width=\"85\"><\/td>\n<td width=\"85\">2<\/td>\n<td width=\"76\"><\/td>\n<td width=\"79\"><\/td>\n<\/tr>\n<tr>\n<td width=\"292\">Sozialkunde<\/td>\n<td width=\"85\"><\/td>\n<td width=\"85\"><\/td>\n<td width=\"85\"><\/td>\n<td width=\"76\">2<\/td>\n<td width=\"79\"><\/td>\n<\/tr>\n<tr>\n<td width=\"292\">Geschichte\/Sozialkunde<\/td>\n<td width=\"85\"><\/td>\n<td width=\"85\">2<\/td>\n<td width=\"85\"><\/td>\n<td width=\"76\"><\/td>\n<td width=\"79\">2<\/td>\n<\/tr>\n<tr>\n<td width=\"292\">Mathematik<\/td>\n<td width=\"85\">2<\/td>\n<td width=\"85\">8<\/td>\n<td width=\"85\">3<\/td>\n<td width=\"76\">4<\/td>\n<td width=\"79\">5<\/td>\n<\/tr>\n<tr>\n<td width=\"292\">Sport<\/td>\n<td width=\"85\"><\/td>\n<td width=\"85\"><\/td>\n<td width=\"85\"><\/td>\n<td width=\"76\">2<\/td>\n<td width=\"79\"><\/td>\n<\/tr>\n<tr>\n<td width=\"292\">Summe allgemeinbildende F\u00e4cher<\/td>\n<td width=\"85\">6<\/td>\n<td width=\"85\">27<\/td>\n<td width=\"85\">9<\/td>\n<td width=\"76\">18<\/td>\n<td width=\"79\">18<\/td>\n<\/tr>\n<tr>\n<td width=\"292\">Summe <strong>Profilbereich <\/strong>(vgl. B)<\/td>\n<td width=\"85\">&#8211;<\/td>\n<td width=\"85\">6<\/td>\n<td width=\"85\">7<\/td>\n<td width=\"76\">12<\/td>\n<td width=\"79\">10<\/td>\n<\/tr>\n<tr>\n<td width=\"292\">Wahlpflichtbereich<\/td>\n<td width=\"85\">&#8211;<\/td>\n<td width=\"85\"><\/td>\n<td width=\"85\">1<\/td>\n<td width=\"76\">4<\/td>\n<td width=\"79\">4<\/td>\n<\/tr>\n<tr>\n<td width=\"292\">Summe gesamt<\/td>\n<td width=\"85\">6<\/td>\n<td width=\"85\">33<\/td>\n<td width=\"85\">17<\/td>\n<td width=\"76\">34<\/td>\n<td width=\"79\">32<\/td>\n<\/tr>\n<tr>\n<td colspan=\"4\" width=\"462\">bei Wahl der Zweiten Fremdsprache zur Erlangung der allg. Hochschulreife<\/td>\n<td width=\"76\">36<\/td>\n<td width=\"79\">34<\/td>\n<\/tr>\n<tr>\n<td width=\"292\">\n<p>Fachpraktische Ausbildung<\/p>\n<p>(einschlie\u00dflich fachpraktischer Anleitung und fachpraktischer Vertiefung)<\/td>\n<td width=\"85\">&#8211;<\/td>\n<td width=\"85\"><\/td>\n<td width=\"85\">19-20<\/td>\n<td width=\"76\">&#8211;<\/td>\n<td width=\"79\">&#8211;<\/td>\n<\/tr>\n<\/tbody>\n<\/table>\n<ol>\n<li>B)<strong> Profilbereich Sozialwesen<\/strong><\/li>\n<\/ol>\n<table>\n<tbody>\n<tr>\n<td width=\"95\">Jahrgangsstufe<\/td>\n<td width=\"76\">Wochenstunden<\/td>\n<td width=\"94\">Sozialwesen<\/td>\n<\/tr>\n<tr>\n<td width=\"95\">Vorklasse<\/td>\n<td width=\"76\">6<\/td>\n<td width=\"94\">Mindestens zwei F\u00e4cher aus den Profilbereichen<\/td>\n<\/tr>\n<tr>\n<td rowspan=\"3\" width=\"95\">11<\/td>\n<td width=\"76\">3<\/td>\n<td width=\"94\">P\u00e4dagogik\/Psychologie<\/td>\n<\/tr>\n<tr>\n<td width=\"76\">2<\/td>\n<td width=\"94\">Sozialwirtschaft und Recht<\/td>\n<\/tr>\n<tr>\n<td width=\"76\">2<\/td>\n<td width=\"94\">Chemie<\/td>\n<\/tr>\n<tr>\n<td rowspan=\"4\" width=\"95\">12<\/td>\n<td width=\"76\">5<\/td>\n<td width=\"94\">P\u00e4dagogik\/Psychologie<\/td>\n<\/tr>\n<tr>\n<td width=\"76\">3<\/td>\n<td width=\"94\">Sozialwirtschaft und Recht<\/td>\n<\/tr>\n<tr>\n<td width=\"76\">2<\/td>\n<td width=\"94\">Biologie<\/td>\n<\/tr>\n<tr>\n<td width=\"76\">2<\/td>\n<td width=\"94\">Soziologie<\/td>\n<\/tr>\n<tr>\n<td rowspan=\"3\" width=\"95\">13<\/td>\n<td width=\"76\">5<\/td>\n<td width=\"94\">P\u00e4dagogik\/Psychologie<\/td>\n<\/tr>\n<tr>\n<td width=\"76\">3<\/td>\n<td width=\"94\">Sozialwirtschaft und Recht<\/td>\n<\/tr>\n<tr>\n<td width=\"76\">2<\/td>\n<td width=\"94\">Biologie<\/td>\n<\/tr>\n<\/tbody>\n<\/table>\n<hr \/>\n<h3><strong>Fachpraktische Ausbildung:<\/strong><\/h3>\n<p>Unterrichtsinhalte, Aufgaben und Ziele:<\/p>\n<p>Die Sch\u00fcler kommen meist ohne praktische Erfahrungen aus sozialen T\u00e4tigkeitsbereichen an die Fachoberschule.<\/p>\n<p>Die Sch\u00fcler<\/p>\n<ul>\n<li>sammeln systematisch, reflektiert, fachlich angeleitet und vertieft Erfahrungen in verschiedenen sozialen T\u00e4tigkeitsfeldern,<\/li>\n<li>entwickeln und erwerben fachliches Wissen, praktische Erkenntnisse und F\u00e4higkeiten, Sensibilit\u00e4t f\u00fcr soziale und gesellschaftliche Fragestellungen, Sozialkompetenz und Selbstwirksamkeit,<\/li>\n<li>lernen, Erfahrungen aus dem Praktikum mit dem Fachunterricht sinnvoll zu verkn\u00fcpfen bzw. diese als wertvolle Grundlage im Fachunterricht zu nutzen,<\/li>\n<li>erfahren eine exzellente Gelegenheit, ihre Pers\u00f6nlichkeit zu entwickeln und sich beruflich zu orientieren,<\/li>\n<li>lernen ganzheitlich und handlungsorientiert.<\/li>\n<\/ul>\n<p>Hierdurch erwerben sie umfassende pers\u00f6nliche und berufliche Handlungsf\u00e4higkeit hinsichtlich Einsatzfreude und Verantwortungsbereitschaft, Belastbarkeit und Selbstorganisation, Kommunikations- und Kooperationsf\u00e4higkeit.<\/p>\n<p>In der <strong>Fachoberschule in den Jahrgangsstufen 11 und 12<\/strong> werden u.a. folgende Themengebiete behandelt:<\/p>\n<ul>\n<li>Wissenschaftlichkeit und Ziele der Psychologie und P\u00e4dagogik<\/li>\n<li>Grundlagen des Erlebens, Verhaltens und Handelns wie Wahrnehmung, Ged\u00e4chtnis, Denken, Emotionen und Motivation<\/li>\n<li>Voraussetzungen und Merkmale von Erziehung wie auch die Bedeutung des Lernens im Erziehungsprozess<\/li>\n<li>Kommunikation<\/li>\n<li>Entwicklung der Pers\u00f6nlichkeit unter Ber\u00fccksichtigung vielf\u00e4ltiger Einfl\u00fcsse<\/li>\n<li>Sozialp\u00e4dagogisches Handeln<\/li>\n<\/ul>\n<p>In der <strong>Jahrgangsstufe 13<\/strong> werden aufbauend auf diesen Themengebieten folgende Schwerpunkte behandelt:<\/p>\n<ul>\n<li>Wissenschaftliche Grundlagen p\u00e4dagogisch-psychologischer Forschung<\/li>\n<li>Sonderp\u00e4dagogik<\/li>\n<li>Klinische Psychologie<\/li>\n<li>Organisationspsychologie<\/li>\n<\/ul>\n<hr \/>\n<h3><strong>Studienberechtigungen <\/strong><strong>Sozialwesen:<\/strong><\/h3>\n<p><strong>Allgemeine Fachhochschulreife (12. Klasse):<\/strong><\/p>\n<p>Die <strong>allgemeine Fachhochschulreife<\/strong> berechtigt zum <strong>Studium an einer Fachhochschule<\/strong> in einem <strong>beliebigen Studiengang<\/strong>.<br \/>\nSie wird in ganz Deutschland anerkannt.<\/p>\n<p><strong>Fachgebundene Hochschulreife (13. Klasse ohne zweite Fremdsprache):<\/strong><\/p>\n<p>Das Zeugnis der <strong>fachgebundenen Hochschulreife<\/strong> berechtigt zu folgenden Studieng\u00e4ngen an einer <strong>Universit\u00e4t:<\/strong><\/p>\n<ul>\n<li>Berufsp\u00e4dagogik in einer F\u00e4cherverbindung mit Gesundheits- und<\/li>\n<li>Pflegewissenschaft oder Sozialp\u00e4dagogik<\/li>\n<li>Biochemie<\/li>\n<li>Biologie<\/li>\n<li>Biomedizin<\/li>\n<li>Erziehungswissenschaft<\/li>\n<li>Gesundheits\u00f6konomie<\/li>\n<li>Gesundheitswissenschaft &#8211; 2 &#8211;<\/li>\n<li>Lehramt an beruflichen Schulen in einer F\u00e4cherverbindung mit Gesundheits-<\/li>\n<li>und Pflegewissenschaft oder Sozialp\u00e4dagogik<\/li>\n<li>Lehramt an Grundschulen<\/li>\n<li>Lehramt an Gymnasien in der F\u00e4cherverbindung Biologie\/Chemie<\/li>\n<li>Lehramt an Hauptschulen<\/li>\n<li>Lehramt an Realschulen in der F\u00e4cherverbindung Biologie\/Chemie<\/li>\n<li>Lehramt an Sonderschulen\/f\u00fcr Sonderp\u00e4dagogik<\/li>\n<li>Molecular Science<\/li>\n<li>Molekulare Medizin<\/li>\n<li>P\u00e4dagogik einschlie\u00dflich Schul-, Sonder-, Sozial- und Medienp\u00e4dagogik<\/li>\n<li>Pflegewissenschaft<\/li>\n<li>Psychologie<\/li>\n<li>Psychology of Excellence<\/li>\n<li>Sozialwissenschaft<\/li>\n<li>Soziologie<\/li>\n<\/ul>\n<p><strong>3. Allgemeine Hochschulreife (13. Klasse mit zweiter Fremdsprache)<\/strong><\/p>\n<p>Wer zus\u00e4tzlich zur bestandenen Abiturpr\u00fcfung ausreichende Kenntnisse in einer zweiten Fremdsprache (Latein, Franz\u00f6sisch, Spanisch, Italienisch) nachweist, kann die <strong>allgemeine Hochschulreife<\/strong> erhalten. Dieser Abschluss berechtigt zur <strong>uneingeschr\u00e4nkten Studienwahl an allen Hochschulen und Universit\u00e4ten<\/strong>.<\/p>\n","protected":false},"excerpt":{"rendered":"<p>Allgemeine Informationen:<br \/>\nDer fachspezifische Schwerpunkt der Ausbildungsrichtung Sozialwesen liegt im Bereich P\u00e4dagogik und Psychologie, der auch Bestandteil der Abschlusspr\u00fcfungen ist.<br \/>\nFoto: Dieter Sch\u00fctz\/pixelio.de <a class=\"more-link\" href=\"https:\/\/bos-scheyern.de\/bo\/?p=1931\">weiterlesen<span class=\"screen-reader-text\">Informationen zur Ausbildungsrichtung Sozialwesen<\/span><span class=\"meta-nav\">\u2192<\/span><\/a><\/p>\n","protected":false},"author":1,"featured_media":1922,"comment_status":"closed","ping_status":"closed","sticky":false,"template":"","format":"standard","meta":[],"categories":[5],"tags":[],"_links":{"self":[{"href":"https:\/\/bos-scheyern.de\/bo\/index.php?rest_route=\/wp\/v2\/posts\/1931"}],"collection":[{"href":"https:\/\/bos-scheyern.de\/bo\/index.php?rest_route=\/wp\/v2\/posts"}],"about":[{"href":"https:\/\/bos-scheyern.de\/bo\/index.php?rest_route=\/wp\/v2\/types\/post"}],"author":[{"embeddable":true,"href":"https:\/\/bos-scheyern.de\/bo\/index.php?rest_route=\/wp\/v2\/users\/1"}],"replies":[{"embeddable":true,"href":"https:\/\/bos-scheyern.de\/bo\/index.php?rest_route=%2Fwp%2Fv2%2Fcomments&post=1931"}],"version-history":[{"count":20,"href":"https:\/\/bos-scheyern.de\/bo\/index.php?rest_route=\/wp\/v2\/posts\/1931\/revisions"}],"predecessor-version":[{"id":5811,"href":"https:\/\/bos-scheyern.de\/bo\/index.php?rest_route=\/wp\/v2\/posts\/1931\/revisions\/5811"}],"wp:featuredmedia":[{"embeddable":true,"href":"https:\/\/bos-scheyern.de\/bo\/index.php?rest_route=\/wp\/v2\/media\/1922"}],"wp:attachment":[{"href":"https:\/\/bos-scheyern.de\/bo\/index.php?rest_route=%2Fwp%2Fv2%2Fmedia&parent=1931"}],"wp:term":[{"taxonomy":"category","embeddable":true,"href":"https:\/\/bos-scheyern.de\/bo\/index.php?rest_route=%2Fwp%2Fv2%2Fcategories&post=1931"},{"taxonomy":"post_tag","embeddable":true,"href":"https:\/\/bos-scheyern.de\/bo\/index.php?rest_route=%2Fwp%2Fv2%2Ftags&post=1931"}],"curies":[{"name":"wp","href":"https:\/\/api.w.org\/{rel}","templated":true}]}}