{"id":213,"date":"2014-07-08T06:58:40","date_gmt":"2014-07-08T06:58:40","guid":{"rendered":"http:\/\/cms2.bos-scheyern.de\/?p=213"},"modified":"2025-12-02T09:05:25","modified_gmt":"2025-12-02T08:05:25","slug":"studienberatung","status":"publish","type":"post","link":"https:\/\/bos-scheyern.de\/bo\/?p=213","title":{"rendered":"Veranstaltungen zur Schullaufbahn-, Studien- und Berufsberatung"},"content":{"rendered":"<table class=\"table2\" style=\"width: 525px;\">\n<tbody>\n<tr style=\"height: 101px;\">\n<td style=\"width: 527px; height: 101px;\">\n<p><strong>Eva-Maria Hofberger, StRin<\/strong><\/p>\n<p><a href=\"mailto:eva-maria.hofberger@fosbos-scheyern.de\">eva-maria.hofberger@fosbos-scheyern.de<\/a><img loading=\"lazy\" class=\"wp-image-2778 alignright\" src=\"https:\/\/bos-scheyern.de\/bo\/wp-content\/uploads\/2014\/07\/emgseller_sm-300x200.jpg\" alt=\"\" width=\"154\" height=\"106\" \/><\/td>\n<td style=\"width: 10px; height: 101px;\"><\/td>\n<\/tr>\n<tr style=\"height: 138px;\">\n<td style=\"width: 527px; height: 138px;\">\n<p><strong>Rudolf Pawlitschko, StD<\/strong><img loading=\"lazy\" class=\"alignright wp-image-957 \" src=\"https:\/\/bos-scheyern.de\/bo\/wp-content\/uploads\/2014\/07\/pawlitschko.jpg\" alt=\"\" width=\"155\" height=\"102\" \/><\/p>\n<p><a href=\"mailto:rudolf.pawlitschko@fosbos-scheyern.de\">rudolf.pawlitschko@fosbos-scheyern.de<\/a><\/td>\n<td style=\"width: 10px; height: 138px;\"><\/td>\n<\/tr>\n<\/tbody>\n<\/table>\n<p>Organisiert und durchgef\u00fchrt werden insbesondere folgende Veranstaltungen zur Schullaufbahn- sowie zur Studien- und Berufsberatung:<\/p>\n<ul>\n<li><strong>Informationsabende zur Schullaufbahn an der FOS und BOS in den Schulen des Landkreises und auf Wunsch auch dar\u00fcber hinaus<\/strong><\/li>\n<li><strong>Hausmesse zu den Dualen Studieng\u00e4ngen mit unseren Partnerfirmen<\/strong><\/li>\n<li><strong>Podiumsdiskussion zur Studien- und Berufsberatung<\/strong><\/li>\n<li><strong>Vortr\u00e4ge und Einzelberatung durch die Agentur f\u00fcr Arbeit in Scheyern<\/strong><\/li>\n<li><strong>Kooperationspartnerschaft mit der Technischen Hochschule Ingolstadt<\/strong><\/li>\n<li><strong>Vortr\u00e4ge von weiteren Hochschulen und Universit\u00e4ten<\/strong><\/li>\n<li><strong>Informationsveranstaltung f\u00fcr das Lehramtsstudium <\/strong><\/li>\n<li><strong>Talentschmiede der Natur Talent Stiftung<\/strong><\/li>\n<li><strong>Besuch der Fachmesse VOCATIUM<\/strong><\/li>\n<\/ul>\n<p><strong>Informationen,<\/strong> die der Schule <strong>von Universit\u00e4ten, Hochschulen, Firmen, Messeveranstaltern und der Agentur f\u00fcr Arbeit<\/strong> zur Verf\u00fcgung gestellt werden, sind zeitnah im <strong>Teams-Infopoint<\/strong> unter dem Stichwort Studienberatung zu finden..<\/p>\n<p>F\u00fcr weitere Fragen zur Schullaufbahn und zur zweiten Fremdsprache sowie zu den diversen Abschlussm\u00f6glichkeiten an unserer Schule, der<\/p>\n<ul>\n<li><strong>Fachhochschulreife, <\/strong><\/li>\n<li><strong>Fachgebundenen Hochschulreife und <\/strong><\/li>\n<li><strong>Allgemeinen Hochschulreife (inkl. 2. Fremdsprache)<\/strong><\/li>\n<\/ul>\n<p>k\u00f6nnen jederzeit Termine \u00fcber das Sekretariat der Schule oder direkt \u00fcber die pers\u00f6nlichen Mailadressen (siehe oben) vereinbart werden.<\/p>\n","protected":false},"excerpt":{"rendered":"<p>Organisiert und durchgef\u00fchrt werden insbesondere folgende Veranstaltungen zur Schullaufbahn-, sowie zur Studien- und Berufsberatung: <a class=\"more-link\" href=\"https:\/\/bos-scheyern.de\/bo\/?p=213\">weiterlesen<span class=\"screen-reader-text\">Veranstaltungen zur Schullaufbahn-, Studien- und Berufsberatung<\/span><span class=\"meta-nav\">\u2192<\/span><\/a><\/p>\n","protected":false},"author":1,"featured_media":0,"comment_status":"closed","ping_status":"closed","sticky":false,"template":"","format":"standard","meta":[],"categories":[6],"tags":[],"_links":{"self":[{"href":"https:\/\/bos-scheyern.de\/bo\/index.php?rest_route=\/wp\/v2\/posts\/213"}],"collection":[{"href":"https:\/\/bos-scheyern.de\/bo\/index.php?rest_route=\/wp\/v2\/posts"}],"about":[{"href":"https:\/\/bos-scheyern.de\/bo\/index.php?rest_route=\/wp\/v2\/types\/post"}],"author":[{"embeddable":true,"href":"https:\/\/bos-scheyern.de\/bo\/index.php?rest_route=\/wp\/v2\/users\/1"}],"replies":[{"embeddable":true,"href":"https:\/\/bos-scheyern.de\/bo\/index.php?rest_route=%2Fwp%2Fv2%2Fcomments&post=213"}],"version-history":[{"count":42,"href":"https:\/\/bos-scheyern.de\/bo\/index.php?rest_route=\/wp\/v2\/posts\/213\/revisions"}],"predecessor-version":[{"id":6819,"href":"https:\/\/bos-scheyern.de\/bo\/index.php?rest_route=\/wp\/v2\/posts\/213\/revisions\/6819"}],"wp:attachment":[{"href":"https:\/\/bos-scheyern.de\/bo\/index.php?rest_route=%2Fwp%2Fv2%2Fmedia&parent=213"}],"wp:term":[{"taxonomy":"category","embeddable":true,"href":"https:\/\/bos-scheyern.de\/bo\/index.php?rest_route=%2Fwp%2Fv2%2Fcategories&post=213"},{"taxonomy":"post_tag","embeddable":true,"href":"https:\/\/bos-scheyern.de\/bo\/index.php?rest_route=%2Fwp%2Fv2%2Ftags&post=213"}],"curies":[{"name":"wp","href":"https:\/\/api.w.org\/{rel}","templated":true}]}}