{"id":2150,"date":"2017-09-09T11:15:07","date_gmt":"2017-09-09T10:15:07","guid":{"rendered":"https:\/\/bos-scheyern.de\/bo\/?p=2150"},"modified":"2017-09-09T11:15:07","modified_gmt":"2017-09-09T10:15:07","slug":"start-des-neuen-schuljahres-201718","status":"publish","type":"post","link":"https:\/\/bos-scheyern.de\/bo\/?p=2150","title":{"rendered":"Start des neuen Schuljahres 2017\/18"},"content":{"rendered":"<p><img loading=\"lazy\" class=\"alignnone size-full wp-image-2151\" src=\"https:\/\/bos-scheyern.de\/bo\/wp-content\/uploads\/2017\/09\/Start-ins-Schuljahr.jpg\" alt=\"\" width=\"600\" height=\"400\" srcset=\"https:\/\/bos-scheyern.de\/bo\/wp-content\/uploads\/2017\/09\/Start-ins-Schuljahr.jpg 600w, https:\/\/bos-scheyern.de\/bo\/wp-content\/uploads\/2017\/09\/Start-ins-Schuljahr-300x200.jpg 300w\" sizes=\"(max-width: 600px) 100vw, 600px\" \/><\/p>\n<p>Nach den sonnigen und erholsamen Tagen der Sommerferien freut sich die BO Scheyern auf das neue Schuljahr, in dem sich wieder einiges in unserer Schulfamilie tut.<\/p>\n<p>Feierten wir zum Start des letzten Schuljahres das 40-j\u00e4hrige Bestehen unserer Schule, so erwarten uns auch in diesem Jahr zwei Besonderheiten:<\/p>\n<p>Zum einen werden erstmals Sch\u00fcler im neuen FOS-Zweig Sozialwesen unterrichtet, zum anderen verlagert sich der Schulstandort der FOS komplett nach Scheyern.<\/p>\n<p>Umgeben vom wundersch\u00f6nen Scheyrer Kloster werden nun alle Klassen der Beruflichen Oberschule (FOS und BOS) in dieser einmaligen Atmosph\u00e4re aus alten Mauern und (technisch) modernem Equipment unterrichtet. Zudem finden auch in diesem Schuljahr wieder zwei Berufsintegrationsklassen Platz in unserer Schulfamilie.<\/p>\n<p>Die BO Scheyern w\u00fcnscht Ihren Sch\u00fclerinnen und Sch\u00fclern einen gelungenen Start und ein erfolgreiches Schuljahr 2017\/18!<\/p>\n","protected":false},"excerpt":{"rendered":"<p>Nach den sonnigen und erholsamen Tagen der Sommerferien freut sich die BO Scheyern auf das neue Schuljahr, in dem sich wieder einiges in unserer Schulfamilie tut. Feierten wir zum Start <a class=\"more-link\" href=\"https:\/\/bos-scheyern.de\/bo\/?p=2150\">weiterlesen<span class=\"screen-reader-text\">Start des neuen Schuljahres 2017\/18<\/span><span class=\"meta-nav\">\u2192<\/span><\/a><\/p>\n","protected":false},"author":1,"featured_media":2151,"comment_status":"closed","ping_status":"closed","sticky":false,"template":"","format":"standard","meta":[],"categories":[11],"tags":[],"_links":{"self":[{"href":"https:\/\/bos-scheyern.de\/bo\/index.php?rest_route=\/wp\/v2\/posts\/2150"}],"collection":[{"href":"https:\/\/bos-scheyern.de\/bo\/index.php?rest_route=\/wp\/v2\/posts"}],"about":[{"href":"https:\/\/bos-scheyern.de\/bo\/index.php?rest_route=\/wp\/v2\/types\/post"}],"author":[{"embeddable":true,"href":"https:\/\/bos-scheyern.de\/bo\/index.php?rest_route=\/wp\/v2\/users\/1"}],"replies":[{"embeddable":true,"href":"https:\/\/bos-scheyern.de\/bo\/index.php?rest_route=%2Fwp%2Fv2%2Fcomments&post=2150"}],"version-history":[{"count":1,"href":"https:\/\/bos-scheyern.de\/bo\/index.php?rest_route=\/wp\/v2\/posts\/2150\/revisions"}],"predecessor-version":[{"id":2152,"href":"https:\/\/bos-scheyern.de\/bo\/index.php?rest_route=\/wp\/v2\/posts\/2150\/revisions\/2152"}],"wp:featuredmedia":[{"embeddable":true,"href":"https:\/\/bos-scheyern.de\/bo\/index.php?rest_route=\/wp\/v2\/media\/2151"}],"wp:attachment":[{"href":"https:\/\/bos-scheyern.de\/bo\/index.php?rest_route=%2Fwp%2Fv2%2Fmedia&parent=2150"}],"wp:term":[{"taxonomy":"category","embeddable":true,"href":"https:\/\/bos-scheyern.de\/bo\/index.php?rest_route=%2Fwp%2Fv2%2Fcategories&post=2150"},{"taxonomy":"post_tag","embeddable":true,"href":"https:\/\/bos-scheyern.de\/bo\/index.php?rest_route=%2Fwp%2Fv2%2Ftags&post=2150"}],"curies":[{"name":"wp","href":"https:\/\/api.w.org\/{rel}","templated":true}]}}