{"id":225,"date":"2014-07-08T07:12:09","date_gmt":"2014-07-08T07:12:09","guid":{"rendered":"http:\/\/cms2.bos-scheyern.de\/?p=225"},"modified":"2021-12-15T18:31:10","modified_gmt":"2021-12-15T17:31:10","slug":"wahlpflichtfaecher","status":"publish","type":"post","link":"https:\/\/bos-scheyern.de\/bo\/?p=225","title":{"rendered":"Wahlpflichtf\u00e4cher"},"content":{"rendered":"<div align=\"left\">\n<p lang=\"en-GB\" style=\"margin-right: 0.56cm; border: none; padding: 0cm; text-decoration: none;\"><img loading=\"lazy\" class=\" size-full wp-image-916 alignleft\" src=\"https:\/\/bos-scheyern.de\/bo\/wp-content\/uploads\/2015\/03\/spanisch.jpg\" alt=\"spanisch\" width=\"144\" height=\"130\"><span style=\"font-family: Arial,sans-serif;\">Sch\u00fcler, die die allgemeine Hochschulreife anstreben, k\u00f6nnen an unserer Schule<\/span><\/p>\n<ul>\n<li lang=\"en-GB\" style=\"margin-right: 0.56cm; border: none; padding: 0cm; text-decoration: none;\"><span style=\"font-family: Arial,sans-serif;\"><a title=\"Franz\u00f6sisch\" href=\"https:\/\/bos-scheyern.de\/bo\/?p=230\">Franz\u00f6sisch<\/a> oder<\/span><\/li>\n<li lang=\"en-GB\" style=\"margin-right: 0.56cm; border: none; padding: 0cm; text-decoration: none;\"><span style=\"font-family: Arial,sans-serif;\"><a title=\"Latein\" href=\"https:\/\/bos-scheyern.de\/bo\/?p=235\">Latein<\/a> oder<\/span><\/li>\n<li lang=\"en-GB\" style=\"margin-right: 0.56cm; border: none; padding: 0cm; text-decoration: none;\"><span style=\"font-family: Arial,sans-serif;\"><a title=\"Spanisch\" href=\"https:\/\/bos-scheyern.de\/bo\/?p=233\">Spanisch<\/a><\/span><\/li>\n<\/ul>\n<p lang=\"en-GB\" style=\"margin-right: 0.56cm; padding: 0cm; text-decoration: none;\"><span style=\"font-family: Arial,sans-serif;\"><img loading=\"lazy\" class=\" wp-image-915 alignleft\" src=\"https:\/\/bos-scheyern.de\/bo\/wp-content\/uploads\/2015\/03\/latein.jpeg\" alt=\"latein\" width=\"139\" height=\"97\">als Wahlpflichtfach belegen, vorausgesetzt, dass sich eine ausreihende Zahl an Sch\u00fclern f\u00fcr den jeweiligen Sprachkurs anmeldet. Der Unterricht in diesen F\u00e4chern erstreckt sich \u00fcber zwei Jahre zu jeweils vier Wochenstunden .<\/span><\/p>\n<p>&nbsp;<\/p>\n<p lang=\"en-GB\" style=\"margin-right: 0.56cm; border: none; padding: 0cm; text-decoration: none;\"><span style=\"font-family: Arial,sans-serif;\"><img loading=\"lazy\" class=\" wp-image-914 alignleft\" src=\"https:\/\/bos-scheyern.de\/bo\/wp-content\/uploads\/2015\/03\/franzoesisch.jpeg\" alt=\"franzoesisch\" width=\"135\" height=\"135\">Dies f\u00fchrt in Franz\u00f6sisch und Spanisch zum Niveau B1. F\u00fcr das Fach Latein entspricht das erzielte Niveau dem <i>kleinem Latinum<\/i> (gesicherte Kenntnisse in Latein).<\/span><\/p>\n<p lang=\"en-GB\" style=\"margin-right: 0.56cm; border: none; padding: 0cm; text-decoration: none;\"><span style=\"font-family: Arial,sans-serif;\">Die Teilnahme am Wahl<b>pflicht<\/b>unterricht ist nach Anmeldung <b>verpflichtend<\/b>!<\/span><\/p>\n<p lang=\"en-GB\" style=\"margin-right: 0.56cm; border: none; padding: 0cm; text-decoration: none;\"><span style=\"font-family: Arial,sans-serif;\">Sch\u00fcler, die nicht recht wissen, ob sie Franz\u00f6sisch oder Spanisch oder Latein w\u00e4hlen sollen, k\u00f6nnen auf den jeweiligen Fachseiten Hilfestellungen finden! Die Fremdsprachenlehrkr\u00e4fte stehen f\u00fcr pers\u00f6nliche Beratungsgespr\u00e4che gerne zur Verf\u00fcgung.<br \/>\n<\/span><\/p>\n<\/div>\n","protected":false},"excerpt":{"rendered":"<p>Sch\u00fcler, die die allgemeine Hochschulreife anstreben, k\u00f6nnen an unserer Schule Franz\u00f6sisch oder Latein oder Spanisch als Wahlpflichtfach belegen, vorausgesetzt, dass sich eine ausreihende Zahl an Sch\u00fclern f\u00fcr den jeweiligen Sprachkurs <a class=\"more-link\" href=\"https:\/\/bos-scheyern.de\/bo\/?p=225\">weiterlesen<span class=\"screen-reader-text\">Wahlpflichtf\u00e4cher<\/span><span class=\"meta-nav\">\u2192<\/span><\/a><\/p>\n","protected":false},"author":1,"featured_media":229,"comment_status":"closed","ping_status":"closed","sticky":false,"template":"","format":"standard","meta":[],"categories":[11],"tags":[],"_links":{"self":[{"href":"https:\/\/bos-scheyern.de\/bo\/index.php?rest_route=\/wp\/v2\/posts\/225"}],"collection":[{"href":"https:\/\/bos-scheyern.de\/bo\/index.php?rest_route=\/wp\/v2\/posts"}],"about":[{"href":"https:\/\/bos-scheyern.de\/bo\/index.php?rest_route=\/wp\/v2\/types\/post"}],"author":[{"embeddable":true,"href":"https:\/\/bos-scheyern.de\/bo\/index.php?rest_route=\/wp\/v2\/users\/1"}],"replies":[{"embeddable":true,"href":"https:\/\/bos-scheyern.de\/bo\/index.php?rest_route=%2Fwp%2Fv2%2Fcomments&post=225"}],"version-history":[{"count":16,"href":"https:\/\/bos-scheyern.de\/bo\/index.php?rest_route=\/wp\/v2\/posts\/225\/revisions"}],"predecessor-version":[{"id":4367,"href":"https:\/\/bos-scheyern.de\/bo\/index.php?rest_route=\/wp\/v2\/posts\/225\/revisions\/4367"}],"wp:featuredmedia":[{"embeddable":true,"href":"https:\/\/bos-scheyern.de\/bo\/index.php?rest_route=\/wp\/v2\/media\/229"}],"wp:attachment":[{"href":"https:\/\/bos-scheyern.de\/bo\/index.php?rest_route=%2Fwp%2Fv2%2Fmedia&parent=225"}],"wp:term":[{"taxonomy":"category","embeddable":true,"href":"https:\/\/bos-scheyern.de\/bo\/index.php?rest_route=%2Fwp%2Fv2%2Fcategories&post=225"},{"taxonomy":"post_tag","embeddable":true,"href":"https:\/\/bos-scheyern.de\/bo\/index.php?rest_route=%2Fwp%2Fv2%2Ftags&post=225"}],"curies":[{"name":"wp","href":"https:\/\/api.w.org\/{rel}","templated":true}]}}