{"id":230,"date":"2014-07-08T07:17:36","date_gmt":"2014-07-08T07:17:36","guid":{"rendered":"http:\/\/cms2.bos-scheyern.de\/?p=230"},"modified":"2019-02-19T14:00:50","modified_gmt":"2019-02-19T13:00:50","slug":"franzoesisch","status":"publish","type":"post","link":"https:\/\/bos-scheyern.de\/bo\/?p=230","title":{"rendered":"Franz\u00f6sisch"},"content":{"rendered":"<div align=\"left\">\n<p>Kompetenzorientierung steht im Mittelpunkt des Unterrichts \u2013 in lebensnahen Situationen wird per Dialog m\u00fcndliche Sprachproduktion in den Vordergrund gestellt. Wir arbeiten mit dem Buch \u201aG\u00e9n\u00e9ration Pro\u2018, das auf dem neuen Lehrplan Plus basiert und mittels einer frei zug\u00e4nglichen App das Ein\u00fcben von H\u00f6rverstehen im Unterricht und zu Hause erm\u00f6glicht. Dies wird durch thematischen Wortschatz, der sich am Alltag orientiert, unterst\u00fctzt. In Rollenspielen werden Situationen, wie \u201asich um einen Praktikumsplatz bewerben\u2018, \u201aeinen Urlaub planen und organisieren\u2018 trainiert.<\/p>\n<p lang=\"en-GB\" style=\"margin-right: 0.56cm; border: none; padding: 0cm; text-decoration: none;\"><img loading=\"lazy\" class=\"alignleft\" src=\"https:\/\/bos-scheyern.de\/bo\/wp-content\/uploads\/2015\/03\/franzoesisch.jpeg\" alt=\"\" width=\"192\" height=\"144\" border=\"0\" \/><\/p>\n<p>Schwerpunkt unserer Franz\u00f6sischstunden ist demnach gesprochenes Franz\u00f6sisch, aber es werden selbstverst\u00e4ndlich auch Textverst\u00e4ndnis und Textproduktion einge\u00fcbt und durch das Erlernen sprachlicher Strukturen unterst\u00fctzt.<\/p>\n<p>Vorkenntnisse werden nicht vorausgesetzt, sind aber nat\u00fcrlich hilfreich.<\/p>\n<p>Die Entscheidung f\u00fcr Franz\u00f6sisch ist eine Entscheidung f\u00fcr eine Sprache, die nicht nur in unserem Nachbarland Frankreich, mit dem es aufgrund der deutsch-franz\u00f6sischen Freundschaft, die im Jahr 2019 durch die erneute Unterzeichnung eines Elys\u00e9e-Vertrags noch verst\u00e4rkt wurde, in vielen Bereichen Zusammenarbeit gibt, sondern in vielen anderen Staaten der Welt gesprochen wird.<\/p>\n<p>In einer globalisierten Arbeitswelt ist es heutzutage entscheidend, Kenntnisse in mehreren Fremdsprachen zu haben.<\/p>\n<p lang=\"en-GB\" style=\"margin-right: 0.56cm; border: none; padding: 0cm; text-decoration: none;\"><span style=\"font-family: Arial,sans-serif;\"><br \/>\n<\/span><\/p>\n<p lang=\"en-GB\" style=\"margin-right: 0.56cm; border: none; padding: 0cm; text-decoration: none;\">\n<p lang=\"en-GB\" style=\"margin-right: 0.56cm; border: none; padding: 0cm; text-decoration: none;\">\n<\/div>\n","protected":false},"excerpt":{"rendered":"<p>Kompetenzorientierung steht im Mittelpunkt des Unterrichts \u2013 in lebensnahen Situationen wird per Dialog m\u00fcndliche Sprachproduktion in den Vordergrund gestellt. Wir arbeiten mit dem Buch \u201aG\u00e9n\u00e9ration Pro\u2018, das auf dem neuen <a class=\"more-link\" href=\"https:\/\/bos-scheyern.de\/bo\/?p=230\">weiterlesen<span class=\"screen-reader-text\">Franz\u00f6sisch<\/span><span class=\"meta-nav\">\u2192<\/span><\/a><\/p>\n","protected":false},"author":1,"featured_media":0,"comment_status":"closed","ping_status":"closed","sticky":false,"template":"","format":"standard","meta":[],"categories":[1],"tags":[],"_links":{"self":[{"href":"https:\/\/bos-scheyern.de\/bo\/index.php?rest_route=\/wp\/v2\/posts\/230"}],"collection":[{"href":"https:\/\/bos-scheyern.de\/bo\/index.php?rest_route=\/wp\/v2\/posts"}],"about":[{"href":"https:\/\/bos-scheyern.de\/bo\/index.php?rest_route=\/wp\/v2\/types\/post"}],"author":[{"embeddable":true,"href":"https:\/\/bos-scheyern.de\/bo\/index.php?rest_route=\/wp\/v2\/users\/1"}],"replies":[{"embeddable":true,"href":"https:\/\/bos-scheyern.de\/bo\/index.php?rest_route=%2Fwp%2Fv2%2Fcomments&post=230"}],"version-history":[{"count":5,"href":"https:\/\/bos-scheyern.de\/bo\/index.php?rest_route=\/wp\/v2\/posts\/230\/revisions"}],"predecessor-version":[{"id":2904,"href":"https:\/\/bos-scheyern.de\/bo\/index.php?rest_route=\/wp\/v2\/posts\/230\/revisions\/2904"}],"wp:attachment":[{"href":"https:\/\/bos-scheyern.de\/bo\/index.php?rest_route=%2Fwp%2Fv2%2Fmedia&parent=230"}],"wp:term":[{"taxonomy":"category","embeddable":true,"href":"https:\/\/bos-scheyern.de\/bo\/index.php?rest_route=%2Fwp%2Fv2%2Fcategories&post=230"},{"taxonomy":"post_tag","embeddable":true,"href":"https:\/\/bos-scheyern.de\/bo\/index.php?rest_route=%2Fwp%2Fv2%2Ftags&post=230"}],"curies":[{"name":"wp","href":"https:\/\/api.w.org\/{rel}","templated":true}]}}