{"id":233,"date":"2014-07-08T07:19:52","date_gmt":"2014-07-08T07:19:52","guid":{"rendered":"http:\/\/cms2.bos-scheyern.de\/?p=233"},"modified":"2019-03-13T08:41:33","modified_gmt":"2019-03-13T07:41:33","slug":"spanisch","status":"publish","type":"post","link":"https:\/\/bos-scheyern.de\/bo\/?p=233","title":{"rendered":"Spanisch"},"content":{"rendered":"<div align=\"left\">\n<p lang=\"en-GB\" style=\"margin-right: 0.56cm; border: none; padding: 0cm; text-decoration: none;\"><span style=\"font-family: Arial,sans-serif;\"><img loading=\"lazy\" class=\"size-full wp-image-227 alignleft\" src=\"https:\/\/bos-scheyern.de\/bo\/wp-content\/uploads\/2014\/07\/spanisch.jpg\" alt=\"spanisch\" width=\"144\" height=\"130\" \/><\/span><\/p>\n<p>Neben Franz\u00f6sisch und Latein k\u00f6nnen Sch\u00fcler auch Spanisch als zweite Fremdsprache w\u00e4hlen. Die Bedeutung dieser Sprache hat in unserer globalisierten Welt in den letzten Jahren stark zugenommen. Spanisch wird von knapp 390 Millionen Menschen im Alltag gesprochen.<\/p>\n<p>Die zweite Fremdsprache wird im Rahmen des Wahlpflichtfachangebots vier Unterrichtsstunden pro Woche unterrichtet. In dieser Zeit werden Grundkenntnisse erlernt, die sowohl f\u00fcr die schriftliche als auch f\u00fcr die m\u00fcndliche Kommunikation in Alltagssituationen von Bedeutung sind. Es sind keinerlei Vorkenntnisse n\u00f6tig, jedoch ist sorgf\u00e4ltiges und eigenverantwortliches Arbeiten auch \u00fcber den Unterricht hinaus unerl\u00e4sslich.<\/p>\n<p>In diesem Sinne: \u00a1Hasta luego!<\/p>\n<\/div>\n","protected":false},"excerpt":{"rendered":"<p>Neben Franz\u00f6sisch und Latein k\u00f6nnen Sch\u00fcler auch Spanisch als zweite Fremdsprache w\u00e4hlen. Die Bedeutung dieser Sprache hat in unserer globalisierten Welt in den letzten Jahren stark zugenommen. Spanisch wird von <a class=\"more-link\" href=\"https:\/\/bos-scheyern.de\/bo\/?p=233\">weiterlesen<span class=\"screen-reader-text\">Spanisch<\/span><span class=\"meta-nav\">\u2192<\/span><\/a><\/p>\n","protected":false},"author":1,"featured_media":0,"comment_status":"closed","ping_status":"closed","sticky":false,"template":"","format":"standard","meta":[],"categories":[1],"tags":[],"_links":{"self":[{"href":"https:\/\/bos-scheyern.de\/bo\/index.php?rest_route=\/wp\/v2\/posts\/233"}],"collection":[{"href":"https:\/\/bos-scheyern.de\/bo\/index.php?rest_route=\/wp\/v2\/posts"}],"about":[{"href":"https:\/\/bos-scheyern.de\/bo\/index.php?rest_route=\/wp\/v2\/types\/post"}],"author":[{"embeddable":true,"href":"https:\/\/bos-scheyern.de\/bo\/index.php?rest_route=\/wp\/v2\/users\/1"}],"replies":[{"embeddable":true,"href":"https:\/\/bos-scheyern.de\/bo\/index.php?rest_route=%2Fwp%2Fv2%2Fcomments&post=233"}],"version-history":[{"count":6,"href":"https:\/\/bos-scheyern.de\/bo\/index.php?rest_route=\/wp\/v2\/posts\/233\/revisions"}],"predecessor-version":[{"id":2939,"href":"https:\/\/bos-scheyern.de\/bo\/index.php?rest_route=\/wp\/v2\/posts\/233\/revisions\/2939"}],"wp:attachment":[{"href":"https:\/\/bos-scheyern.de\/bo\/index.php?rest_route=%2Fwp%2Fv2%2Fmedia&parent=233"}],"wp:term":[{"taxonomy":"category","embeddable":true,"href":"https:\/\/bos-scheyern.de\/bo\/index.php?rest_route=%2Fwp%2Fv2%2Fcategories&post=233"},{"taxonomy":"post_tag","embeddable":true,"href":"https:\/\/bos-scheyern.de\/bo\/index.php?rest_route=%2Fwp%2Fv2%2Ftags&post=233"}],"curies":[{"name":"wp","href":"https:\/\/api.w.org\/{rel}","templated":true}]}}