{"id":2383,"date":"2017-11-28T06:40:52","date_gmt":"2017-11-28T05:40:52","guid":{"rendered":"https:\/\/bos-scheyern.de\/bo\/?p=2383"},"modified":"2017-12-14T12:00:26","modified_gmt":"2017-12-14T11:00:26","slug":"des-geht-si-aus-die-fosbos-13-auf-studienfahrt-nach-wien","status":"publish","type":"post","link":"https:\/\/bos-scheyern.de\/bo\/?p=2383","title":{"rendered":"\u201eDes geht si aus\u201c \u2013 Die FOS\/BOS 13 auf Studienfahrt nach Wien"},"content":{"rendered":"<p><strong><em>\u201eUnd keiner bleibt kalt, <\/em><\/strong><\/p>\n<p><strong><em>Ob jung oder alt,<\/em><\/strong><\/p>\n<p><strong><em>Der Wien, wie es wirklich ist, kennt\u201c\u00a0\u00a0\u00a0\u00a0\u00a0\u00a0\u00a0\u00a0\u00a0 aus: \u201eWien, Wien, nur du allein\u201c von Rudolf Sieczynski<\/em><\/strong><\/p>\n<p><strong><em>\u00a0<\/em><\/strong><\/p>\n<p>Im Morgengrauen des Bu\u00df- und Bettages brachen wir \u2013 die beiden Klassen der FOS\/BOS 13 mit Herrn G\u00fcrtner, Pater Lukas und Frau Schwinn auf.<\/p>\n<p>Nach einem Wei\u00dfwurstfr\u00fchst\u00fcck unterwegs und einem Zwischenstopp in Sch\u00f6nbrunn kamen wir bei strahlendem Sonnenschein und fr\u00fchlingshaften Temperaturen bei unserem Hotel an. Dort checkten wir nach nachdr\u00fccklicher moralischer Belehrung durch das Hotelpersonal ein: Kein Alkohol auf dem Zimmer! Keine Zimmerpartys! Rauchen nur auf der Stra\u00dfe bis 22:00 Uhr! Geht der Rauchmelder los \u2013 bis zu 800 \u20ac Strafe! Bis heute h\u00e4lt sich hartn\u00e4ckig das Ger\u00fccht, das begleitende Lehrpersonal habe jeweils auf seinem Zimmer zur Begr\u00fc\u00dfung ein Flascherl Rotwein vorgefunden \u2026<\/p>\n<p>Und schon brachen wir zu einer Stadtf\u00fchrung auf. Unter dem Motto: \u201eDes mach mer eh gem\u00fctlich\u201c startete ein wirklich interessanter, vom Altscheyrer Stefan Spath gef\u00fchrter 16-Kilometer-Marsch, der nach 6 Stunden Busfahrt eine durchaus erfrischende Wirkung hatte. Selten hat man wirklich die Chance, Wien so hautnah und authentisch zu erleben. Ganz herzlichen Dank daf\u00fcr!<\/p>\n<p>Den Tag beendete die BOS 13 mit einem Klassen-Abendessen im \u201cBier-Amt\u201c, zu dem wir auch Pater Lukas und Herrn G\u00fcrtner adoptierten.<\/p>\n<p>In den folgenden Tagen hatten wir alle ein straffes Kulturprogramm: Ob man nun die steilen, engen Stiegen im Stephansdom hinaufstieg, sich in der Oper hinter den Kulissen verzaubern lie\u00df, in der Hofburg den Habsburgern n\u00e4herkam oder das Rittertum des Mittelalters im Weltmuseum erforschte \u2013 es war f\u00fcr jeden etwas Spannendes dabei. Und jeder begriff rasch, dass er nur einen minimalen Teilaspekt dieser \u00fcberreichen Stadt erfasst hatte.<\/p>\n<p>Ab und zu waren logistische Herausforderungen zu meistern, ob es darum ging, in einem 6er Zimmer das Duschen innerhalb einer Stunde zu organisieren, das richtige Hotel als Treffpunkt aufzusp\u00fcren, eine heimt\u00fcckische Bedarfsampel wenigstens irgendwann im Verlauf des Abends zu \u00fcberlisten oder innerhalb eines vertretbaren Zeitraums aus dem Labyrinth U-Bahn-Station Taborstra\u00dfe den R\u00fcckweg ins Hotel zu finden \u2013 obwohl es doch in der N\u00e4he auch eine Tram-Station gibt \u2026<\/p>\n<p>Der traditionelle Wiener Heurigen-Abend war f\u00fcr alle ein gro\u00dfes Vergn\u00fcgen.<\/p>\n<p>Und die BOSler hatten am letzten Abend noch viel Spa\u00df auf dem Christkindlmarkt beim Rathaus und beim ausgedehnten Aufw\u00e4rmen im Caf\u00e9haus danach.<\/p>\n<p>Auf der R\u00fcckfahrt machten wir Zwischenstation im Stift Kremsm\u00fcnster, wo uns eine gro\u00dfz\u00fcgige Brotzeit erwartete und danach eine sehr interessante und kurzweilige Klosterf\u00fchrung, f\u00fcr die wir uns bei Pater Franz ganz herzlich bedanken m\u00f6chten.<\/p>\n<p><img loading=\"lazy\" class=\"alignnone wp-image-2384 size-full\" src=\"https:\/\/bos-scheyern.de\/bo\/wp-content\/uploads\/2017\/11\/Wien-Kremsm\u00fcnster.jpg\" alt=\"\" width=\"800\" height=\"600\" srcset=\"https:\/\/bos-scheyern.de\/bo\/wp-content\/uploads\/2017\/11\/Wien-Kremsm\u00fcnster.jpg 800w, https:\/\/bos-scheyern.de\/bo\/wp-content\/uploads\/2017\/11\/Wien-Kremsm\u00fcnster-200x150.jpg 200w, https:\/\/bos-scheyern.de\/bo\/wp-content\/uploads\/2017\/11\/Wien-Kremsm\u00fcnster-300x225.jpg 300w, https:\/\/bos-scheyern.de\/bo\/wp-content\/uploads\/2017\/11\/Wien-Kremsm\u00fcnster-768x576.jpg 768w\" sizes=\"(max-width: 800px) 100vw, 800px\" \/><\/p>\n<p>So gilt wohl auch f\u00fcr die 13ten des n\u00e4chsten Jahres: \u201eVienna calling!\u201c<\/p>\n","protected":false},"excerpt":{"rendered":"<p>\u201eUnd keiner bleibt kalt, Ob jung oder alt, Der Wien, wie es wirklich ist, kennt\u201c\u00a0\u00a0\u00a0\u00a0\u00a0\u00a0\u00a0\u00a0\u00a0 aus: \u201eWien, Wien, nur du allein\u201c von Rudolf Sieczynski \u00a0 Im Morgengrauen des Bu\u00df- und <a class=\"more-link\" href=\"https:\/\/bos-scheyern.de\/bo\/?p=2383\">weiterlesen<span class=\"screen-reader-text\">\u201eDes geht si aus\u201c \u2013 Die FOS\/BOS 13 auf Studienfahrt nach Wien<\/span><span class=\"meta-nav\">\u2192<\/span><\/a><\/p>\n","protected":false},"author":1,"featured_media":2384,"comment_status":"closed","ping_status":"closed","sticky":false,"template":"","format":"standard","meta":[],"categories":[11],"tags":[],"_links":{"self":[{"href":"https:\/\/bos-scheyern.de\/bo\/index.php?rest_route=\/wp\/v2\/posts\/2383"}],"collection":[{"href":"https:\/\/bos-scheyern.de\/bo\/index.php?rest_route=\/wp\/v2\/posts"}],"about":[{"href":"https:\/\/bos-scheyern.de\/bo\/index.php?rest_route=\/wp\/v2\/types\/post"}],"author":[{"embeddable":true,"href":"https:\/\/bos-scheyern.de\/bo\/index.php?rest_route=\/wp\/v2\/users\/1"}],"replies":[{"embeddable":true,"href":"https:\/\/bos-scheyern.de\/bo\/index.php?rest_route=%2Fwp%2Fv2%2Fcomments&post=2383"}],"version-history":[{"count":4,"href":"https:\/\/bos-scheyern.de\/bo\/index.php?rest_route=\/wp\/v2\/posts\/2383\/revisions"}],"predecessor-version":[{"id":2412,"href":"https:\/\/bos-scheyern.de\/bo\/index.php?rest_route=\/wp\/v2\/posts\/2383\/revisions\/2412"}],"wp:featuredmedia":[{"embeddable":true,"href":"https:\/\/bos-scheyern.de\/bo\/index.php?rest_route=\/wp\/v2\/media\/2384"}],"wp:attachment":[{"href":"https:\/\/bos-scheyern.de\/bo\/index.php?rest_route=%2Fwp%2Fv2%2Fmedia&parent=2383"}],"wp:term":[{"taxonomy":"category","embeddable":true,"href":"https:\/\/bos-scheyern.de\/bo\/index.php?rest_route=%2Fwp%2Fv2%2Fcategories&post=2383"},{"taxonomy":"post_tag","embeddable":true,"href":"https:\/\/bos-scheyern.de\/bo\/index.php?rest_route=%2Fwp%2Fv2%2Ftags&post=2383"}],"curies":[{"name":"wp","href":"https:\/\/api.w.org\/{rel}","templated":true}]}}