{"id":2413,"date":"2018-01-24T13:25:52","date_gmt":"2018-01-24T12:25:52","guid":{"rendered":"https:\/\/bos-scheyern.de\/bo\/?p=2413"},"modified":"2018-01-24T13:26:05","modified_gmt":"2018-01-24T12:26:05","slug":"prag-laesst-nicht-los-und-war-auch-2017-wieder-das-ziel-der-fos-12","status":"publish","type":"post","link":"https:\/\/bos-scheyern.de\/bo\/?p=2413","title":{"rendered":"\u201ePrag l\u00e4sst nicht los\u201c und war auch 2017 wieder das Ziel der FOS 12"},"content":{"rendered":"<p><img loading=\"lazy\" class=\"size-medium wp-image-2414 alignright\" src=\"https:\/\/bos-scheyern.de\/bo\/wp-content\/uploads\/2017\/12\/Prag-PIC-COVER-264x300.jpg\" alt=\"\" width=\"264\" height=\"300\" srcset=\"https:\/\/bos-scheyern.de\/bo\/wp-content\/uploads\/2017\/12\/Prag-PIC-COVER-264x300.jpg 264w, https:\/\/bos-scheyern.de\/bo\/wp-content\/uploads\/2017\/12\/Prag-PIC-COVER-768x873.jpg 768w, https:\/\/bos-scheyern.de\/bo\/wp-content\/uploads\/2017\/12\/Prag-PIC-COVER-901x1024.jpg 901w, https:\/\/bos-scheyern.de\/bo\/wp-content\/uploads\/2017\/12\/Prag-PIC-COVER.jpg 1512w\" sizes=\"(max-width: 264px) 100vw, 264px\" \/>Noch im Morgengrauen machten sich alle FOS 12 Klassen zur mittlerweile traditionellen Studienfahrt nach Prag auf \u2013 mit dabei auch f\u00fcnf Lehrkr\u00e4fte, die teils nicht zum ersten Mal mit Sch\u00fctzlingen diese Stadt besuchten.<\/p>\n<p>Nach der Ankunft wurden die Sch\u00fcler sogleich durch eine staunenswerte F\u00fchrung mit der Prager Altstadt vertraut gemacht, um dann das Ende des Tages mit einem gemeinsamen Bowlingabend ausklingen zu lassen.<\/p>\n<p>Auch die folgenden Tage hatten viele kulturelle Highlights auf dem Programm, die Prag zu bieten hat: vom Prager Untergrund, \u00fcber das j\u00fcdische Viertel, diverse Museen, bis hinauf zur Prager Burg.<\/p>\n<p>Was bleibt aber nach so einer Fahrt abgesehen von m\u00fcden Augen? Mit Sicherheit die Gewissheit, dass gerade solche Fahrten die Schulgemeinschaft st\u00e4rken. Ganz nach Kafka, l\u00e4sst uns Prag nicht los und erinnert uns an eine gute gemeinsame Zeit.<\/p>\n","protected":false},"excerpt":{"rendered":"<p>Noch im Morgengrauen machten sich alle FOS 12 Klassen zur mittlerweile traditionellen Studienfahrt nach Prag auf \u2013 mit dabei auch f\u00fcnf Lehrkr\u00e4fte, die teils nicht zum ersten Mal mit Sch\u00fctzlingen <a class=\"more-link\" href=\"https:\/\/bos-scheyern.de\/bo\/?p=2413\">weiterlesen<span class=\"screen-reader-text\">\u201ePrag l\u00e4sst nicht los\u201c und war auch 2017 wieder das Ziel der FOS 12<\/span><span class=\"meta-nav\">\u2192<\/span><\/a><\/p>\n","protected":false},"author":10,"featured_media":2414,"comment_status":"closed","ping_status":"closed","sticky":false,"template":"","format":"standard","meta":[],"categories":[11],"tags":[],"_links":{"self":[{"href":"https:\/\/bos-scheyern.de\/bo\/index.php?rest_route=\/wp\/v2\/posts\/2413"}],"collection":[{"href":"https:\/\/bos-scheyern.de\/bo\/index.php?rest_route=\/wp\/v2\/posts"}],"about":[{"href":"https:\/\/bos-scheyern.de\/bo\/index.php?rest_route=\/wp\/v2\/types\/post"}],"author":[{"embeddable":true,"href":"https:\/\/bos-scheyern.de\/bo\/index.php?rest_route=\/wp\/v2\/users\/10"}],"replies":[{"embeddable":true,"href":"https:\/\/bos-scheyern.de\/bo\/index.php?rest_route=%2Fwp%2Fv2%2Fcomments&post=2413"}],"version-history":[{"count":5,"href":"https:\/\/bos-scheyern.de\/bo\/index.php?rest_route=\/wp\/v2\/posts\/2413\/revisions"}],"predecessor-version":[{"id":2491,"href":"https:\/\/bos-scheyern.de\/bo\/index.php?rest_route=\/wp\/v2\/posts\/2413\/revisions\/2491"}],"wp:featuredmedia":[{"embeddable":true,"href":"https:\/\/bos-scheyern.de\/bo\/index.php?rest_route=\/wp\/v2\/media\/2414"}],"wp:attachment":[{"href":"https:\/\/bos-scheyern.de\/bo\/index.php?rest_route=%2Fwp%2Fv2%2Fmedia&parent=2413"}],"wp:term":[{"taxonomy":"category","embeddable":true,"href":"https:\/\/bos-scheyern.de\/bo\/index.php?rest_route=%2Fwp%2Fv2%2Fcategories&post=2413"},{"taxonomy":"post_tag","embeddable":true,"href":"https:\/\/bos-scheyern.de\/bo\/index.php?rest_route=%2Fwp%2Fv2%2Ftags&post=2413"}],"curies":[{"name":"wp","href":"https:\/\/api.w.org\/{rel}","templated":true}]}}