{"id":246,"date":"2014-07-08T07:35:37","date_gmt":"2014-07-08T07:35:37","guid":{"rendered":"http:\/\/cms2.bos-scheyern.de\/?p=246"},"modified":"2026-01-30T10:01:52","modified_gmt":"2026-01-30T09:01:52","slug":"smv","status":"publish","type":"post","link":"https:\/\/bos-scheyern.de\/bo\/?p=246","title":{"rendered":"Sch\u00fclermitverantwortung"},"content":{"rendered":"\n<div style=\"height:10px\" aria-hidden=\"true\" class=\"wp-block-spacer\"><\/div>\n\n\n\n<div class=\"wp-block-image is-style-default\"><figure class=\"alignleft size-large\"><img loading=\"lazy\" width=\"1024\" height=\"683\" src=\"https:\/\/bos-scheyern.de\/bo\/wp-content\/uploads\/2026\/01\/MG_0664-1024x683.jpg\" alt=\"\" class=\"wp-image-6919\" srcset=\"https:\/\/bos-scheyern.de\/bo\/wp-content\/uploads\/2026\/01\/MG_0664-1024x683.jpg 1024w, https:\/\/bos-scheyern.de\/bo\/wp-content\/uploads\/2026\/01\/MG_0664-300x200.jpg 300w, https:\/\/bos-scheyern.de\/bo\/wp-content\/uploads\/2026\/01\/MG_0664-768x512.jpg 768w, https:\/\/bos-scheyern.de\/bo\/wp-content\/uploads\/2026\/01\/MG_0664-1536x1024.jpg 1536w, https:\/\/bos-scheyern.de\/bo\/wp-content\/uploads\/2026\/01\/MG_0664-2048x1365.jpg 2048w\" sizes=\"(max-width: 1024px) 100vw, 1024px\" \/><\/figure><\/div>\n\n\n\n<p>Abgebildet sind:<br>Vordere Reihe von links nach rechts: Sofie Kriegl, Maria Romantschak, Sarah Thurner<br>Hintere Reihe von links nach rechts: Florian Lutz, Tina Kolb, Tamer \u00d6zkaya<\/p>\n\n\n\n<div style=\"height:40px\" aria-hidden=\"true\" class=\"wp-block-spacer\"><\/div>\n\n\n\n<p>Die Berufliche Oberschule Scheyern ist nicht nur ein Ort, sondern auch ein Lebensgef\u00fchl. Die Schulzeit ist mehr als nur typischer Schulalltag. Hier trifft man sich auch nach der Schule, denn bei uns wird Gemeinschaft gro\u00dfgeschrieben &#8230;<\/p>\n\n\n\n<div align=\"center\">\n<p align=\"JUSTIFY\">\u2026 nicht zuletzt bei der SMV<\/p>\n<\/div>\n\n\n\n<div align=\"center\">&nbsp;<\/div>\n\n\n\n<p>F\u00fcr die Sch\u00fclergemeinschaft organisiert die SMV zahlreiche schulische und au\u00dferschulische Veranstaltungen:<\/p>\n\n\n\n<ul><li>Schulpartys (wenn dies m\u00f6glich ist, nat\u00fcrlich coronakonform),<\/li><li>Weihnachtsfeier,<\/li><li>Gaudi-Fu\u00dfball-Turnier zu Fasching,<\/li><li>usw.<\/li><\/ul>\n\n\n\n<p>Wer ein Anliegen hat, kann sich also gerne an uns wenden.<\/p>\n\n\n\n<p>Viel Erfolg w\u00fcnscht<\/p>\n\n\n\n<p>eure SMV<\/p>\n","protected":false},"excerpt":{"rendered":"<p>Die Schulzeit ist mehr als nur typischer Schulalltag. Hier trifft man sich auch nach der Schule, denn bei uns wird Gemeinschaft gro\u00dfgeschrieben. F\u00fcr diese Gemeinschaft organisiert die SMV zahlreiche schulische und au\u00dferschulische Veranstaltungen: BOS-Parties, ein- oder mehrt\u00e4gige Schulfahrten, Gaudi-Fu\u00dfball-Turnier zu Fasching, Starkbierfest, Tanzfreiheit usw. <a class=\"more-link\" href=\"https:\/\/bos-scheyern.de\/bo\/?p=246\">weiterlesen<span class=\"screen-reader-text\">Sch\u00fclermitverantwortung<\/span><span class=\"meta-nav\">\u2192<\/span><\/a><\/p>\n","protected":false},"author":1,"featured_media":6919,"comment_status":"closed","ping_status":"closed","sticky":false,"template":"","format":"standard","meta":[],"categories":[8],"tags":[],"_links":{"self":[{"href":"https:\/\/bos-scheyern.de\/bo\/index.php?rest_route=\/wp\/v2\/posts\/246"}],"collection":[{"href":"https:\/\/bos-scheyern.de\/bo\/index.php?rest_route=\/wp\/v2\/posts"}],"about":[{"href":"https:\/\/bos-scheyern.de\/bo\/index.php?rest_route=\/wp\/v2\/types\/post"}],"author":[{"embeddable":true,"href":"https:\/\/bos-scheyern.de\/bo\/index.php?rest_route=\/wp\/v2\/users\/1"}],"replies":[{"embeddable":true,"href":"https:\/\/bos-scheyern.de\/bo\/index.php?rest_route=%2Fwp%2Fv2%2Fcomments&post=246"}],"version-history":[{"count":69,"href":"https:\/\/bos-scheyern.de\/bo\/index.php?rest_route=\/wp\/v2\/posts\/246\/revisions"}],"predecessor-version":[{"id":6921,"href":"https:\/\/bos-scheyern.de\/bo\/index.php?rest_route=\/wp\/v2\/posts\/246\/revisions\/6921"}],"wp:featuredmedia":[{"embeddable":true,"href":"https:\/\/bos-scheyern.de\/bo\/index.php?rest_route=\/wp\/v2\/media\/6919"}],"wp:attachment":[{"href":"https:\/\/bos-scheyern.de\/bo\/index.php?rest_route=%2Fwp%2Fv2%2Fmedia&parent=246"}],"wp:term":[{"taxonomy":"category","embeddable":true,"href":"https:\/\/bos-scheyern.de\/bo\/index.php?rest_route=%2Fwp%2Fv2%2Fcategories&post=246"},{"taxonomy":"post_tag","embeddable":true,"href":"https:\/\/bos-scheyern.de\/bo\/index.php?rest_route=%2Fwp%2Fv2%2Ftags&post=246"}],"curies":[{"name":"wp","href":"https:\/\/api.w.org\/{rel}","templated":true}]}}