{"id":2944,"date":"2019-05-26T10:47:06","date_gmt":"2019-05-26T09:47:06","guid":{"rendered":"https:\/\/bos-scheyern.de\/bo\/?p=2944"},"modified":"2019-05-26T18:53:28","modified_gmt":"2019-05-26T17:53:28","slug":"im-focus-internationale-politik","status":"publish","type":"post","link":"https:\/\/bos-scheyern.de\/bo\/?p=2944","title":{"rendered":"Im Focus: Internationale Politik"},"content":{"rendered":"\n<p><strong>\u201eWas bedeutet f\u00fcr\neuch Sicherheit?\u201c<\/strong><\/p>\n\n\n\n<p>Mit dieser Frage begann Hauptmann Oliver Kreutz am\nFreitagnachmittag (10.05.2019) nach einer kurzen Zusammenfassung seines\nberuflichen Werdegangs bei der Bundeswehr seinen Vortrag zur \u201eDeutschen Au\u00dfen-\nund Sicherheitspolitik\u201c. Mit viel Witz und Charme referierte der Jugendoffizier\naus M\u00fcnchen im Rahmen der beiden Wahlpflichtmodule \u201eInternationale Politik\u201c\n\u00fcber aktuelle Herausforderungen der deutschen Au\u00dfenpolitik. Zusammen mit den\nErkl\u00e4rungsversuchen der Zw\u00f6lftkl\u00e4ssler kam er zu dem Schluss, dass man\nSicherheit als Abwesenheit von Gefahr definieren kann. <\/p>\n\n\n\n<p>Wie Herr Kreutz gleich zu Beginn klarstellte, ist seine Aufgabe nicht, Werbung f\u00fcr die Bundeswehr zu machen, sondern interessierte Sch\u00fcler, aber auch Erwachsene \u00fcber die Arbeit der Bundeswehr zu informieren. So stellte sich der Jugendoffizier den Fragen der Kursteilnehmer zu aktuellen politischen Konflikten, wie dem B\u00fcrgerkrieg in Syrien sowie der Rolle der Bundeswehr im Ausland. Hier zeigte sich wie auch bereits w\u00e4hrend des Unterrichts im Laufe des Schuljahrs, dass internationale Konflikte nie leicht zu l\u00f6sen sind, aber jedem klar sein muss, dass \u201eSicherheitspolitik uns alle betrifft.\u201c Dabei ging Herr Kreutz auf Fragen der Sch\u00fcler ein und diskutierte mit ihnen \u00fcber innere Sicherheit,die Krim-Krise und den internationalen Terrorismus.<\/p>\n\n\n\n<p>Katharina Rosenhammer<\/p>\n","protected":false},"excerpt":{"rendered":"<p>\u201eWas bedeutet f\u00fcr euch Sicherheit?\u201c Mit dieser Frage begann Hauptmann Oliver Kreutz am Freitagnachmittag (10.05.2019) nach einer kurzen Zusammenfassung seines beruflichen Werdegangs bei der Bundeswehr seinen Vortrag zur \u201eDeutschen Au\u00dfen- <a class=\"more-link\" href=\"https:\/\/bos-scheyern.de\/bo\/?p=2944\">weiterlesen<span class=\"screen-reader-text\">Im Focus: Internationale Politik<\/span><span class=\"meta-nav\">\u2192<\/span><\/a><\/p>\n","protected":false},"author":5,"featured_media":2954,"comment_status":"closed","ping_status":"closed","sticky":false,"template":"","format":"standard","meta":[],"categories":[11],"tags":[],"_links":{"self":[{"href":"https:\/\/bos-scheyern.de\/bo\/index.php?rest_route=\/wp\/v2\/posts\/2944"}],"collection":[{"href":"https:\/\/bos-scheyern.de\/bo\/index.php?rest_route=\/wp\/v2\/posts"}],"about":[{"href":"https:\/\/bos-scheyern.de\/bo\/index.php?rest_route=\/wp\/v2\/types\/post"}],"author":[{"embeddable":true,"href":"https:\/\/bos-scheyern.de\/bo\/index.php?rest_route=\/wp\/v2\/users\/5"}],"replies":[{"embeddable":true,"href":"https:\/\/bos-scheyern.de\/bo\/index.php?rest_route=%2Fwp%2Fv2%2Fcomments&post=2944"}],"version-history":[{"count":1,"href":"https:\/\/bos-scheyern.de\/bo\/index.php?rest_route=\/wp\/v2\/posts\/2944\/revisions"}],"predecessor-version":[{"id":2945,"href":"https:\/\/bos-scheyern.de\/bo\/index.php?rest_route=\/wp\/v2\/posts\/2944\/revisions\/2945"}],"wp:featuredmedia":[{"embeddable":true,"href":"https:\/\/bos-scheyern.de\/bo\/index.php?rest_route=\/wp\/v2\/media\/2954"}],"wp:attachment":[{"href":"https:\/\/bos-scheyern.de\/bo\/index.php?rest_route=%2Fwp%2Fv2%2Fmedia&parent=2944"}],"wp:term":[{"taxonomy":"category","embeddable":true,"href":"https:\/\/bos-scheyern.de\/bo\/index.php?rest_route=%2Fwp%2Fv2%2Fcategories&post=2944"},{"taxonomy":"post_tag","embeddable":true,"href":"https:\/\/bos-scheyern.de\/bo\/index.php?rest_route=%2Fwp%2Fv2%2Ftags&post=2944"}],"curies":[{"name":"wp","href":"https:\/\/api.w.org\/{rel}","templated":true}]}}