{"id":2977,"date":"2019-06-03T10:58:22","date_gmt":"2019-06-03T09:58:22","guid":{"rendered":"https:\/\/bos-scheyern.de\/bo\/?p=2977"},"modified":"2019-10-12T16:22:17","modified_gmt":"2019-10-12T15:22:17","slug":"fach-abiturpruefungen-an-der-bo-scheyern","status":"publish","type":"post","link":"https:\/\/bos-scheyern.de\/bo\/?p=2977","title":{"rendered":"(Fach-)Abiturpr\u00fcfungen an der BO Scheyern"},"content":{"rendered":"\n<p>Mit der Deutschpr\u00fcfung am Montag, den 27.05.2019, haben f\u00fcr 279 unserer Sch\u00fclerinnen und Sch\u00fcler die schriftlichen Abitur- oder  Fachabiturpr\u00fcfungen begonnen. In der Pr\u00fcfungswoche folgten Mathematik (28.5.), das Profilfach der jeweiligen  Ausbildungsrichtung (29.5.) und Englisch (31.5.). <\/p>\n\n\n\n<p>Wir dr\u00fccken die Daumen f\u00fcr gute Ergebnisse.<\/p>\n","protected":false},"excerpt":{"rendered":"<p>Mit der Deutschpr\u00fcfung am Montag, den 27.05.2019, haben f\u00fcr 279 unserer Sch\u00fclerinnen und Sch\u00fcler die schriftlichen Abitur- oder Fachabiturpr\u00fcfungen begonnen. In der Pr\u00fcfungswoche folgten Mathematik (28.5.), das Profilfach der jeweiligen <a class=\"more-link\" href=\"https:\/\/bos-scheyern.de\/bo\/?p=2977\">weiterlesen<span class=\"screen-reader-text\">(Fach-)Abiturpr\u00fcfungen an der BO Scheyern<\/span><span class=\"meta-nav\">\u2192<\/span><\/a><\/p>\n","protected":false},"author":10,"featured_media":2993,"comment_status":"closed","ping_status":"closed","sticky":false,"template":"","format":"aside","meta":[],"categories":[11],"tags":[],"_links":{"self":[{"href":"https:\/\/bos-scheyern.de\/bo\/index.php?rest_route=\/wp\/v2\/posts\/2977"}],"collection":[{"href":"https:\/\/bos-scheyern.de\/bo\/index.php?rest_route=\/wp\/v2\/posts"}],"about":[{"href":"https:\/\/bos-scheyern.de\/bo\/index.php?rest_route=\/wp\/v2\/types\/post"}],"author":[{"embeddable":true,"href":"https:\/\/bos-scheyern.de\/bo\/index.php?rest_route=\/wp\/v2\/users\/10"}],"replies":[{"embeddable":true,"href":"https:\/\/bos-scheyern.de\/bo\/index.php?rest_route=%2Fwp%2Fv2%2Fcomments&post=2977"}],"version-history":[{"count":8,"href":"https:\/\/bos-scheyern.de\/bo\/index.php?rest_route=\/wp\/v2\/posts\/2977\/revisions"}],"predecessor-version":[{"id":2995,"href":"https:\/\/bos-scheyern.de\/bo\/index.php?rest_route=\/wp\/v2\/posts\/2977\/revisions\/2995"}],"wp:featuredmedia":[{"embeddable":true,"href":"https:\/\/bos-scheyern.de\/bo\/index.php?rest_route=\/wp\/v2\/media\/2993"}],"wp:attachment":[{"href":"https:\/\/bos-scheyern.de\/bo\/index.php?rest_route=%2Fwp%2Fv2%2Fmedia&parent=2977"}],"wp:term":[{"taxonomy":"category","embeddable":true,"href":"https:\/\/bos-scheyern.de\/bo\/index.php?rest_route=%2Fwp%2Fv2%2Fcategories&post=2977"},{"taxonomy":"post_tag","embeddable":true,"href":"https:\/\/bos-scheyern.de\/bo\/index.php?rest_route=%2Fwp%2Fv2%2Ftags&post=2977"}],"curies":[{"name":"wp","href":"https:\/\/api.w.org\/{rel}","templated":true}]}}