{"id":3008,"date":"2019-07-12T13:43:33","date_gmt":"2019-07-12T12:43:33","guid":{"rendered":"https:\/\/bos-scheyern.de\/bo\/?p=3008"},"modified":"2019-07-12T13:43:35","modified_gmt":"2019-07-12T12:43:35","slug":"vertreter-der-deutschen-bundesbank-zu-besuch-in-scheyern","status":"publish","type":"post","link":"https:\/\/bos-scheyern.de\/bo\/?p=3008","title":{"rendered":"Vertreter der Deutschen Bundesbank zu Besuch in Scheyern"},"content":{"rendered":"\n<ul class=\"wp-block-gallery columns-1 is-cropped\"><li class=\"blocks-gallery-item\"><figure><img loading=\"lazy\" width=\"600\" height=\"418\" src=\"https:\/\/bos-scheyern.de\/bo\/wp-content\/uploads\/2019\/06\/Bundesbank-Vortrag.jpg\" alt=\"\" data-id=\"3009\" data-link=\"https:\/\/bos-scheyern.de\/bo\/?attachment_id=3009\" class=\"wp-image-3009\" srcset=\"https:\/\/bos-scheyern.de\/bo\/wp-content\/uploads\/2019\/06\/Bundesbank-Vortrag.jpg 600w, https:\/\/bos-scheyern.de\/bo\/wp-content\/uploads\/2019\/06\/Bundesbank-Vortrag-300x209.jpg 300w\" sizes=\"(max-width: 600px) 100vw, 600px\" \/><\/figure><\/li><\/ul>\n\n\n\n<p>Auch in diesem Jahr hielt Thomas\nSchneider vom Stab des Pr\u00e4sidenten der Deutschen Bundesbank einen Vortrag zum\nThema: \u201e<em>Aktuelle Herausforderungen f\u00fcr die\neurop\u00e4ische Geldpolitik<\/em>\u201c. Dieser Vortrag ist mittlerweile fester\nBestandteil des VWL-Unterrichtes f\u00fcr die 12. Klassen der Ausbildungsrichtung\nWirtschaft. Ziel ist es, die im Unterricht erworbenen Kenntnisse zum Thema\nGeldpolitik durch hochaktuelle und praktische Beispiele zu erweitern. <\/p>\n\n\n\n<p>Herr Schneider erl\u00e4uterte neben\nden Aufgaben der Deutschen Bundesbank im System der Europ\u00e4ischen Zentralbanken auch\ndie Strategien der EZB hinsichtlich der Finanzmarkt- und Staatsschuldenkrise. Die\nFinanzmarktkrise hatte ihren Ursprung in der US-Subprimekrise im Jahr 2007 und\ndem anschlie\u00dfenden Zusammenbruch der US-Bank Lehman Brothers im Jahr 2008. Neben\nder Finanzmarktkrise entwickelte sich in Europa eine bis heute anhaltende Staatsschuldenkrise.\nDie geldpolitischen Reaktionen der EZB, wie die Senkung des Leitzinses und die\nzus\u00e4tzliche Liquidit\u00e4tsbereitstellung f\u00fcr die Banken durch das sogenannte\n\u201eQuantitative Easing\u201c wurden ebenso anschaulich dargestellt wie die Folgen des\ndaraus entstandenen Niedrigzinsumfeldes. <\/p>\n\n\n\n<p>Diese expansive Geldpolitik des\nEurosystems, so Schneider, war eine notwendige Reaktion auf die Krise und\nangesichts der anhaltenden Verfehlung des Preisstabilit\u00e4tsziels der EZB sowie\nder schwachen Wachstumssaussichten im Euroraum auch aktuell gerechtfertigt. Allerdings\nwird das Ankaufsprogramm von Staatsanleihen kritisch betrachtet. <\/p>\n\n\n\n<p>Letztendlich kann die Geldpolitik\nder EZB nur \u201eZeit erkaufen\u201c aber die strukturellen Ursachen der Krise nicht\nbeseitigen. Die politischen Entscheidungstr\u00e4ger der EU-Mitgliedsstaaten sind\nweiterhin gefordert und m\u00fcssen notwendige Reformen vorantreiben und die Wachstumskr\u00e4fte\nin Europa nachhaltig st\u00e4rken. Dann k\u00f6nnten auch die Zinsen langsam wieder\nsteigen. <\/p>\n\n\n\n<p>Fachschaft Wirtschaft (Michael\nDiemer, Ute Gabler-Burnus)<\/p>\n","protected":false},"excerpt":{"rendered":"<p>Auch in diesem Jahr hielt Thomas Schneider vom Stab des Pr\u00e4sidenten der Deutschen Bundesbank einen Vortrag zum Thema: \u201eAktuelle Herausforderungen f\u00fcr die europ\u00e4ische Geldpolitik\u201c. Dieser Vortrag ist mittlerweile fester Bestandteil <a class=\"more-link\" href=\"https:\/\/bos-scheyern.de\/bo\/?p=3008\">weiterlesen<span class=\"screen-reader-text\">Vertreter der Deutschen Bundesbank zu Besuch in Scheyern<\/span><span class=\"meta-nav\">\u2192<\/span><\/a><\/p>\n","protected":false},"author":10,"featured_media":3009,"comment_status":"closed","ping_status":"closed","sticky":false,"template":"","format":"standard","meta":[],"categories":[11],"tags":[],"_links":{"self":[{"href":"https:\/\/bos-scheyern.de\/bo\/index.php?rest_route=\/wp\/v2\/posts\/3008"}],"collection":[{"href":"https:\/\/bos-scheyern.de\/bo\/index.php?rest_route=\/wp\/v2\/posts"}],"about":[{"href":"https:\/\/bos-scheyern.de\/bo\/index.php?rest_route=\/wp\/v2\/types\/post"}],"author":[{"embeddable":true,"href":"https:\/\/bos-scheyern.de\/bo\/index.php?rest_route=\/wp\/v2\/users\/10"}],"replies":[{"embeddable":true,"href":"https:\/\/bos-scheyern.de\/bo\/index.php?rest_route=%2Fwp%2Fv2%2Fcomments&post=3008"}],"version-history":[{"count":1,"href":"https:\/\/bos-scheyern.de\/bo\/index.php?rest_route=\/wp\/v2\/posts\/3008\/revisions"}],"predecessor-version":[{"id":3010,"href":"https:\/\/bos-scheyern.de\/bo\/index.php?rest_route=\/wp\/v2\/posts\/3008\/revisions\/3010"}],"wp:featuredmedia":[{"embeddable":true,"href":"https:\/\/bos-scheyern.de\/bo\/index.php?rest_route=\/wp\/v2\/media\/3009"}],"wp:attachment":[{"href":"https:\/\/bos-scheyern.de\/bo\/index.php?rest_route=%2Fwp%2Fv2%2Fmedia&parent=3008"}],"wp:term":[{"taxonomy":"category","embeddable":true,"href":"https:\/\/bos-scheyern.de\/bo\/index.php?rest_route=%2Fwp%2Fv2%2Fcategories&post=3008"},{"taxonomy":"post_tag","embeddable":true,"href":"https:\/\/bos-scheyern.de\/bo\/index.php?rest_route=%2Fwp%2Fv2%2Ftags&post=3008"}],"curies":[{"name":"wp","href":"https:\/\/api.w.org\/{rel}","templated":true}]}}