{"id":3032,"date":"2019-07-12T20:02:36","date_gmt":"2019-07-12T19:02:36","guid":{"rendered":"https:\/\/bos-scheyern.de\/bo\/?p=3032"},"modified":"2019-07-12T20:07:38","modified_gmt":"2019-07-12T19:07:38","slug":"verabschiedung-der-scheyerer-abiturierenten","status":"publish","type":"post","link":"https:\/\/bos-scheyern.de\/bo\/?p=3032","title":{"rendered":"Verabschiedung der Scheyerer Abiturierenten"},"content":{"rendered":"\n<p>Am vergangenen Freitag (5.7.2019) wurde der diesj\u00e4hrige Abiturjahrgang der Beruflichen Oberschule in Scheyern mit einem Abschlussgottesdienst, der Zeugnisverleihung und einer anschlie\u00dfenden Feier im Prielhof verabschiedet.<\/p>\n\n\n\n<p>In diesem Jahr konnte die Schulleitung 134 Sch\u00fclerinnen und\nSch\u00fcler der FOS sowie 80 Sch\u00fclerinnen und Sch\u00fcler der BOS zur bestandenen\nFachhochschulreife begl\u00fcckw\u00fcnschen. Darunter erstmal&nbsp; Fachabiturientinnen und Fachabiturienten des\nvor zwei Jahren in Scheyern eingerichteten Zweigs Sozialwesen. Dar\u00fcber hinaus\nerlangten in den 13. Klassen 19 Absolventen ihre fachgebundene Hochschulreife,\n18 weitere erhielten das Zeugnis der allgemeinen Hochschulreife.<\/p>\n\n\n\n<p>Zusammen mit ihrem Schulleiter, OStD Hubert Ruisinger,\nVertretern des Klosters, des Landkreises und der Wirtschaft sowie ihren\nFamilien, Freunden und Lehrern blickten die Absolventen auf die gemeinsame Zeit\nin Scheyern zur\u00fcck. Diese m\u00f6ge sich auch in Zukunft als \u201cnachhaltiges\nLebenselixier\u201d erweisen, wie Ruisinger den Wert der Schulzeit auf den Punkt\nbrachte. So w\u00fcnschte er den Absolventen, dass sie ihren \u201cLebenslauf wie das\nStr\u00f6men des Wasser der Moldau\u201d, deren Vertonung Smetanas die Grundlage seiner\nRede bildete, \u201cmal ruhig, mal str\u00f6mend, mal kaskadenartig\u201d betrachten k\u00f6nnten. <\/p>\n\n\n\n<p>Mit besonders hervorragenden Leistungen wurden folgende\nSch\u00fcler mithilfe einer Zuwendung der Sparkasse geehrt: Emily Buchberger,\nBettina Kleemann, Elias Finkenzeller, Andreas Schr\u00f6der, Elena Felbermair sowie\nJohanna Bernklau. Weitere Preise f\u00fcr tatkr\u00e4ftiges Engagement in der SMV, der\nSch\u00fclerzeitung oder bei Schulveranstaltungen gingen an Marlon Becker, Maria\nH\u00e4uslmeier, Jim Guld, Bettina Kleemann und Johanna Bernklau. Corinna Hierl\nerhielt eine Urkunde des Kultusministers und einen Geldpreis des F\u00f6rdervereins\nf\u00fcr ihre au\u00dfergew\u00f6hnliche Seminararbeit.<\/p>\n\n\n\n<p>Mit Spannung erwartet wurde die Verleihung des Preises der Stiftung Stephanus, mit dem Abt Markus und Pater Lukas die Absolventen Jordan Toshev und Christian Haas f\u00fcr ihr jahrelanges soziales Engagement f\u00fcr die Schulgemeinschaft auszeichneten.<\/p>\n\n\n\n<figure class=\"wp-block-image\"><img loading=\"lazy\" width=\"600\" height=\"368\" src=\"https:\/\/bos-scheyern.de\/bo\/wp-content\/uploads\/2019\/07\/Ausgezeichnete-Sch\u00fcler-BO-Scheyern.jpg\" alt=\"\" class=\"wp-image-3034\" srcset=\"https:\/\/bos-scheyern.de\/bo\/wp-content\/uploads\/2019\/07\/Ausgezeichnete-Sch\u00fcler-BO-Scheyern.jpg 600w, https:\/\/bos-scheyern.de\/bo\/wp-content\/uploads\/2019\/07\/Ausgezeichnete-Sch\u00fcler-BO-Scheyern-300x184.jpg 300w\" sizes=\"(max-width: 600px) 100vw, 600px\" \/><\/figure>\n","protected":false},"excerpt":{"rendered":"<p>Am vergangenen Freitag (5.7.2019) wurde der diesj\u00e4hrige Abiturjahrgang der Beruflichen Oberschule in Scheyern mit einem Abschlussgottesdienst, der Zeugnisverleihung und einer anschlie\u00dfenden Feier im Prielhof verabschiedet. In diesem Jahr konnte die <a class=\"more-link\" href=\"https:\/\/bos-scheyern.de\/bo\/?p=3032\">weiterlesen<span class=\"screen-reader-text\">Verabschiedung der Scheyerer Abiturierenten<\/span><span class=\"meta-nav\">\u2192<\/span><\/a><\/p>\n","protected":false},"author":1,"featured_media":3034,"comment_status":"closed","ping_status":"closed","sticky":false,"template":"","format":"standard","meta":[],"categories":[11],"tags":[],"_links":{"self":[{"href":"https:\/\/bos-scheyern.de\/bo\/index.php?rest_route=\/wp\/v2\/posts\/3032"}],"collection":[{"href":"https:\/\/bos-scheyern.de\/bo\/index.php?rest_route=\/wp\/v2\/posts"}],"about":[{"href":"https:\/\/bos-scheyern.de\/bo\/index.php?rest_route=\/wp\/v2\/types\/post"}],"author":[{"embeddable":true,"href":"https:\/\/bos-scheyern.de\/bo\/index.php?rest_route=\/wp\/v2\/users\/1"}],"replies":[{"embeddable":true,"href":"https:\/\/bos-scheyern.de\/bo\/index.php?rest_route=%2Fwp%2Fv2%2Fcomments&post=3032"}],"version-history":[{"count":2,"href":"https:\/\/bos-scheyern.de\/bo\/index.php?rest_route=\/wp\/v2\/posts\/3032\/revisions"}],"predecessor-version":[{"id":3035,"href":"https:\/\/bos-scheyern.de\/bo\/index.php?rest_route=\/wp\/v2\/posts\/3032\/revisions\/3035"}],"wp:featuredmedia":[{"embeddable":true,"href":"https:\/\/bos-scheyern.de\/bo\/index.php?rest_route=\/wp\/v2\/media\/3034"}],"wp:attachment":[{"href":"https:\/\/bos-scheyern.de\/bo\/index.php?rest_route=%2Fwp%2Fv2%2Fmedia&parent=3032"}],"wp:term":[{"taxonomy":"category","embeddable":true,"href":"https:\/\/bos-scheyern.de\/bo\/index.php?rest_route=%2Fwp%2Fv2%2Fcategories&post=3032"},{"taxonomy":"post_tag","embeddable":true,"href":"https:\/\/bos-scheyern.de\/bo\/index.php?rest_route=%2Fwp%2Fv2%2Ftags&post=3032"}],"curies":[{"name":"wp","href":"https:\/\/api.w.org\/{rel}","templated":true}]}}