{"id":3103,"date":"2019-10-18T09:07:01","date_gmt":"2019-10-18T08:07:01","guid":{"rendered":"https:\/\/bos-scheyern.de\/bo\/?p=3103"},"modified":"2020-10-19T21:35:35","modified_gmt":"2020-10-19T20:35:35","slug":"100-jahre-raeterepublik","status":"publish","type":"post","link":"https:\/\/bos-scheyern.de\/bo\/?p=3103","title":{"rendered":"100 Jahre R\u00e4terepublik"},"content":{"rendered":"\n<p>30 Jahre Mauerfall, 70 Jahre Grundgesetz, 70 Jahre NATO, &#8230;<\/p>\n\n\n\n<p>zur Reihe erinnerungsw\u00fcrdiger Ereignisse  geh\u00f6rt auch die R\u00e4terepublik, die sich vor 100 Jahren f\u00fcr wenige Monate in Bayern etablieren konnte. Das Armeemuseum Ingolstadt zeigt dazu eine Sonderausstellung, in der die politische Entwicklung in Bayern von 1918 bis 1923 detailreich dargestellt ist. Zwei 11. Klassen der Fachoberschule nutzten die Gelegenheit, diese bemerkenswerte Ausstellung im Rahmen des Geschichts-Unterrichts zu besuchen.<\/p>\n","protected":false},"excerpt":{"rendered":"<p>30 Jahre Mauerfall, 70 Jahre Grundgesetz, 70 Jahre NATO, &#8230; zur Reihe erinnerungsw\u00fcrdiger Ereignisse geh\u00f6rt auch die R\u00e4terepublik, die sich vor 100 Jahren f\u00fcr wenige Monate in Bayern etablieren konnte. <a class=\"more-link\" href=\"https:\/\/bos-scheyern.de\/bo\/?p=3103\">weiterlesen<span class=\"screen-reader-text\">100 Jahre R\u00e4terepublik<\/span><span class=\"meta-nav\">\u2192<\/span><\/a><\/p>\n","protected":false},"author":5,"featured_media":3105,"comment_status":"closed","ping_status":"closed","sticky":false,"template":"","format":"standard","meta":[],"categories":[11],"tags":[],"_links":{"self":[{"href":"https:\/\/bos-scheyern.de\/bo\/index.php?rest_route=\/wp\/v2\/posts\/3103"}],"collection":[{"href":"https:\/\/bos-scheyern.de\/bo\/index.php?rest_route=\/wp\/v2\/posts"}],"about":[{"href":"https:\/\/bos-scheyern.de\/bo\/index.php?rest_route=\/wp\/v2\/types\/post"}],"author":[{"embeddable":true,"href":"https:\/\/bos-scheyern.de\/bo\/index.php?rest_route=\/wp\/v2\/users\/5"}],"replies":[{"embeddable":true,"href":"https:\/\/bos-scheyern.de\/bo\/index.php?rest_route=%2Fwp%2Fv2%2Fcomments&post=3103"}],"version-history":[{"count":2,"href":"https:\/\/bos-scheyern.de\/bo\/index.php?rest_route=\/wp\/v2\/posts\/3103\/revisions"}],"predecessor-version":[{"id":3111,"href":"https:\/\/bos-scheyern.de\/bo\/index.php?rest_route=\/wp\/v2\/posts\/3103\/revisions\/3111"}],"wp:featuredmedia":[{"embeddable":true,"href":"https:\/\/bos-scheyern.de\/bo\/index.php?rest_route=\/wp\/v2\/media\/3105"}],"wp:attachment":[{"href":"https:\/\/bos-scheyern.de\/bo\/index.php?rest_route=%2Fwp%2Fv2%2Fmedia&parent=3103"}],"wp:term":[{"taxonomy":"category","embeddable":true,"href":"https:\/\/bos-scheyern.de\/bo\/index.php?rest_route=%2Fwp%2Fv2%2Fcategories&post=3103"},{"taxonomy":"post_tag","embeddable":true,"href":"https:\/\/bos-scheyern.de\/bo\/index.php?rest_route=%2Fwp%2Fv2%2Ftags&post=3103"}],"curies":[{"name":"wp","href":"https:\/\/api.w.org\/{rel}","templated":true}]}}