{"id":3343,"date":"2020-08-05T04:42:22","date_gmt":"2020-08-05T03:42:22","guid":{"rendered":"https:\/\/bos-scheyern.de\/bo\/?p=3343"},"modified":"2020-10-19T21:35:42","modified_gmt":"2020-10-19T20:35:42","slug":"abiturfeier-mit-abstand","status":"publish","type":"post","link":"https:\/\/bos-scheyern.de\/bo\/?p=3343","title":{"rendered":"Abiturfeier mit Abstand"},"content":{"rendered":"\n<p>Eine etwas andere Abiturfeier als sonst gestalteten\nSchulleitung, Lehrer und Sch\u00fcler der BO Scheyern in diesem Schuljahr: am 28.7.\nfand eine abendliche Festveranstaltung mit geladenen G\u00e4sten im Vorlesungssaal\nder Schule statt, die per Video festgehalten wurde und so am eigentlichen\nZeugnistag, dem 29.7. in den verschiedenen Klassen in gek\u00fcrzter Version gezeigt\nwerden konnte. So gelang es den, von den einzelnen Klassenleitern individuell\ngestalteten Zeugnisverleihungen im Klassenverband einen offiziellen Touch zu\ngeben.<\/p>\n\n\n\n<p>Am Dienstagabend begr\u00fc\u00dfte die stellvertretende\nSchulleiterin, Frau Ritthammer die G\u00e4ste und im Anschluss sprachen Herr Landrat\nG\u00fcrtner und der Elternbeiratsvorsitzende Herr Braun je ein Gru\u00dfwort. Die\nSch\u00fclersprecher Frau Mall und Herr Geisenhofer schilderten die verschiedenen\nAktivit\u00e4ten der SMV im ersten Schulhalbjahr und sprachen allen beteiligten\nAkteuren ihren Dank aus.&nbsp; <br>\nDer Schulleiter Herr Ruisinger w\u00e4hlte in seiner Ansprache das Bild eines\nZitronenbaums als Symbol f\u00fcr die Situation unserer Sch\u00fclerinnen und Sch\u00fcler. \u00c4hnlich\nwie beim Zitronenbaum, der gleichzeitig Bl\u00fcten und Fr\u00fcchte tragen kann, lagen\nErfolg und Misserfolg oft nahe beieinander. &nbsp;<\/p>\n\n\n\n<p>Umrahmt wurde die Feier von einem Klaviervortrag von Josefa Czerny und einem, unter Leitung von Frau Czerny in einer Online-Session entstandenen Chorst\u00fcck, das eindrucksvoll die M\u00f6glichkeiten digitalen Unterrichts zu Geh\u00f6r brachte. <\/p>\n\n\n\n<p>Bei der Ehrung der Schulbesten (auf Platz 1 Emily Buchberger mit einem Schnitt von 1,2) und der Sch\u00fcler, die sich in der SMV und der Umwelt-AG engagiert hatten, wurden auch Geldpreise der Sparkasse \u00fcberreicht. Abschlie\u00dfend wurden noch drei Sch\u00fcler, die aus Syrien kommend, erst seit wenigen Jahren im Landkreis leben, mit einem Geldpreis des F\u00f6rdervereins f\u00fcr ihre Integrationsleistung geehrt. Dazu sprachen Herr Huber in Doppelfunktion als Wirtschaftsbeirat und Mitglied des F\u00f6rdervereins, sowie die Klassenleiterin Frau Seibt.<\/p>\n\n\n\n<p>Insgesamt war es eine \u201eandere\u201c, aber durchaus festliche\nVeranstaltung, die zeigte, dass die BO Scheyern mit Kreativit\u00e4t und Engagement\nden guten Leistungen der Sch\u00fclerinnen und Sch\u00fcler Rechnung tragen wollte.<\/p>\n","protected":false},"excerpt":{"rendered":"<p>Eine etwas andere Abiturfeier als sonst gestalteten Schulleitung, Lehrer und Sch\u00fcler der BO Scheyern in diesem Schuljahr: am 28.7. fand eine abendliche Festveranstaltung mit geladenen G\u00e4sten im Vorlesungssaal der Schule <a class=\"more-link\" href=\"https:\/\/bos-scheyern.de\/bo\/?p=3343\">weiterlesen<span class=\"screen-reader-text\">Abiturfeier mit Abstand<\/span><span class=\"meta-nav\">\u2192<\/span><\/a><\/p>\n","protected":false},"author":7,"featured_media":3345,"comment_status":"closed","ping_status":"closed","sticky":false,"template":"","format":"standard","meta":[],"categories":[11],"tags":[],"_links":{"self":[{"href":"https:\/\/bos-scheyern.de\/bo\/index.php?rest_route=\/wp\/v2\/posts\/3343"}],"collection":[{"href":"https:\/\/bos-scheyern.de\/bo\/index.php?rest_route=\/wp\/v2\/posts"}],"about":[{"href":"https:\/\/bos-scheyern.de\/bo\/index.php?rest_route=\/wp\/v2\/types\/post"}],"author":[{"embeddable":true,"href":"https:\/\/bos-scheyern.de\/bo\/index.php?rest_route=\/wp\/v2\/users\/7"}],"replies":[{"embeddable":true,"href":"https:\/\/bos-scheyern.de\/bo\/index.php?rest_route=%2Fwp%2Fv2%2Fcomments&post=3343"}],"version-history":[{"count":2,"href":"https:\/\/bos-scheyern.de\/bo\/index.php?rest_route=\/wp\/v2\/posts\/3343\/revisions"}],"predecessor-version":[{"id":3397,"href":"https:\/\/bos-scheyern.de\/bo\/index.php?rest_route=\/wp\/v2\/posts\/3343\/revisions\/3397"}],"wp:featuredmedia":[{"embeddable":true,"href":"https:\/\/bos-scheyern.de\/bo\/index.php?rest_route=\/wp\/v2\/media\/3345"}],"wp:attachment":[{"href":"https:\/\/bos-scheyern.de\/bo\/index.php?rest_route=%2Fwp%2Fv2%2Fmedia&parent=3343"}],"wp:term":[{"taxonomy":"category","embeddable":true,"href":"https:\/\/bos-scheyern.de\/bo\/index.php?rest_route=%2Fwp%2Fv2%2Fcategories&post=3343"},{"taxonomy":"post_tag","embeddable":true,"href":"https:\/\/bos-scheyern.de\/bo\/index.php?rest_route=%2Fwp%2Fv2%2Ftags&post=3343"}],"curies":[{"name":"wp","href":"https:\/\/api.w.org\/{rel}","templated":true}]}}