{"id":4123,"date":"2021-08-06T09:00:36","date_gmt":"2021-08-06T08:00:36","guid":{"rendered":"https:\/\/bos-scheyern.de\/bo\/?p=4123"},"modified":"2021-12-15T14:14:23","modified_gmt":"2021-12-15T13:14:23","slug":"4123","status":"publish","type":"post","link":"https:\/\/bos-scheyern.de\/bo\/?p=4123","title":{"rendered":"Schriftliche Abiturpr\u00fcfungen"},"content":{"rendered":"\n<figure class=\"wp-block-image size-large\"><img loading=\"lazy\" width=\"1024\" height=\"683\" src=\"https:\/\/bos-scheyern.de\/bo\/wp-content\/uploads\/2021\/08\/Abiturpruefung-1024x683.jpg\" alt=\"Abiturienten w\u00e4hrend der Pr\u00fcfung\" class=\"wp-image-4124\" srcset=\"https:\/\/bos-scheyern.de\/bo\/wp-content\/uploads\/2021\/08\/Abiturpruefung-1024x683.jpg 1024w, https:\/\/bos-scheyern.de\/bo\/wp-content\/uploads\/2021\/08\/Abiturpruefung-300x200.jpg 300w, https:\/\/bos-scheyern.de\/bo\/wp-content\/uploads\/2021\/08\/Abiturpruefung-768x512.jpg 768w, https:\/\/bos-scheyern.de\/bo\/wp-content\/uploads\/2021\/08\/Abiturpruefung-1536x1024.jpg 1536w, https:\/\/bos-scheyern.de\/bo\/wp-content\/uploads\/2021\/08\/Abiturpruefung-2048x1365.jpg 2048w\" sizes=\"(max-width: 1024px) 100vw, 1024px\" \/><figcaption><em>Sch\u00fcler und Sch\u00fclerinnen w\u00e4hrend den Abiturpr\u00fcfungen<\/em><\/figcaption><\/figure>\n\n\n\n<p>271 Sch\u00fclerinnen und Sch\u00fcler der Fachoberschule und Berufsoberschule Scheyern legten vom 11. bis 15. Juni 2021 die schriftlichen Abitur- oder Fachabiturpr\u00fcfungen ab.<\/p>\n\n\n\n<p>Erstmals nahmen Sch\u00fclerinnen und Sch\u00fcler des Zweigs Agrarwirtschaft, Bio- und Umwelttechnologie in Scheyern an der Abiturpr\u00fcfung der 13. Klassen teil.<\/p>\n\n\n\n<p>Einer verpflichtenden m\u00fcndlichen Gruppenpr\u00fcfung im Fach Englisch stellten sich die Pr\u00fcflinge bereits vom 17. bis 20. Mai 2021.<\/p>\n\n\n\n<p>\u00c4hnliche wie bei den Gymnasien galten dieses Schuljahr auf Grund der Pandemiesituation eine Vielzahl von Sonderregelungen wie Maskenpflicht, verl\u00e4ngerte Arbeitszeit, gr\u00f6\u00dfere Abst\u00e4nde, zeitversetzter Pr\u00fcfungsbeginn sowie getrennte Pr\u00fcfungsr\u00e4ume f\u00fcr Sch\u00fclerinnen und Sch\u00fcler, die sich auf freiwilliger Basis im Vorfeld der Pr\u00fcfung einem Corona-Test unterziehen, und ungetesteten Sch\u00fclerinnen und Sch\u00fclern. So waren die Pr\u00fcflinge auf 18 zumeist kleine Pr\u00fcfungsr\u00e4ume verteilt.<\/p>\n\n\n\n<p>Um all dies r\u00e4umlich und personell zu bew\u00e4ltigen, fand f\u00fcr die 11. Klassen und Vorklassen an den Pr\u00fcfungstagen ausschlie\u00dflich materialgest\u00fctzter Distanzunterricht statt.<\/p>\n","protected":false},"excerpt":{"rendered":"<p>271 Sch\u00fclerinnen und Sch\u00fcler der Fachoberschule und Berufsoberschule Scheyern legten vom 11. bis 15. Juni 2021 die schriftlichen Abitur- oder Fachabiturpr\u00fcfungen ab. Erstmals nahmen Sch\u00fclerinnen und Sch\u00fcler des Zweigs Agrarwirtschaft, <a class=\"more-link\" href=\"https:\/\/bos-scheyern.de\/bo\/?p=4123\">weiterlesen<span class=\"screen-reader-text\">Schriftliche Abiturpr\u00fcfungen<\/span><span class=\"meta-nav\">\u2192<\/span><\/a><\/p>\n","protected":false},"author":13,"featured_media":4124,"comment_status":"closed","ping_status":"closed","sticky":false,"template":"","format":"standard","meta":[],"categories":[11],"tags":[],"_links":{"self":[{"href":"https:\/\/bos-scheyern.de\/bo\/index.php?rest_route=\/wp\/v2\/posts\/4123"}],"collection":[{"href":"https:\/\/bos-scheyern.de\/bo\/index.php?rest_route=\/wp\/v2\/posts"}],"about":[{"href":"https:\/\/bos-scheyern.de\/bo\/index.php?rest_route=\/wp\/v2\/types\/post"}],"author":[{"embeddable":true,"href":"https:\/\/bos-scheyern.de\/bo\/index.php?rest_route=\/wp\/v2\/users\/13"}],"replies":[{"embeddable":true,"href":"https:\/\/bos-scheyern.de\/bo\/index.php?rest_route=%2Fwp%2Fv2%2Fcomments&post=4123"}],"version-history":[{"count":5,"href":"https:\/\/bos-scheyern.de\/bo\/index.php?rest_route=\/wp\/v2\/posts\/4123\/revisions"}],"predecessor-version":[{"id":4340,"href":"https:\/\/bos-scheyern.de\/bo\/index.php?rest_route=\/wp\/v2\/posts\/4123\/revisions\/4340"}],"wp:featuredmedia":[{"embeddable":true,"href":"https:\/\/bos-scheyern.de\/bo\/index.php?rest_route=\/wp\/v2\/media\/4124"}],"wp:attachment":[{"href":"https:\/\/bos-scheyern.de\/bo\/index.php?rest_route=%2Fwp%2Fv2%2Fmedia&parent=4123"}],"wp:term":[{"taxonomy":"category","embeddable":true,"href":"https:\/\/bos-scheyern.de\/bo\/index.php?rest_route=%2Fwp%2Fv2%2Fcategories&post=4123"},{"taxonomy":"post_tag","embeddable":true,"href":"https:\/\/bos-scheyern.de\/bo\/index.php?rest_route=%2Fwp%2Fv2%2Ftags&post=4123"}],"curies":[{"name":"wp","href":"https:\/\/api.w.org\/{rel}","templated":true}]}}