{"id":4126,"date":"2021-08-06T10:08:47","date_gmt":"2021-08-06T09:08:47","guid":{"rendered":"https:\/\/bos-scheyern.de\/bo\/?p=4126"},"modified":"2021-08-06T11:07:17","modified_gmt":"2021-08-06T10:07:17","slug":"scheyern-verabschiedet-voller-stolz-seine-abiturientinnen-und-abiturienten","status":"publish","type":"post","link":"https:\/\/bos-scheyern.de\/bo\/?p=4126","title":{"rendered":"Scheyern verabschiedet voller Stolz seine Abiturientinnen und Abiturienten"},"content":{"rendered":"\n<figure class=\"wp-block-image size-full\"><img loading=\"lazy\" width=\"2560\" height=\"1437\" src=\"https:\/\/bos-scheyern.de\/bo\/wp-content\/uploads\/2021\/08\/Collage.png\" alt=\"Abiturfeier\" class=\"wp-image-4127\" srcset=\"https:\/\/bos-scheyern.de\/bo\/wp-content\/uploads\/2021\/08\/Collage.png 2560w, https:\/\/bos-scheyern.de\/bo\/wp-content\/uploads\/2021\/08\/Collage-300x168.png 300w, https:\/\/bos-scheyern.de\/bo\/wp-content\/uploads\/2021\/08\/Collage-1024x575.png 1024w, https:\/\/bos-scheyern.de\/bo\/wp-content\/uploads\/2021\/08\/Collage-768x431.png 768w, https:\/\/bos-scheyern.de\/bo\/wp-content\/uploads\/2021\/08\/Collage-1536x862.png 1536w, https:\/\/bos-scheyern.de\/bo\/wp-content\/uploads\/2021\/08\/Collage-2048x1150.png 2048w\" sizes=\"(max-width: 2560px) 100vw, 2560px\" \/><figcaption><em>Rechts unten (v.l.n.r.): B\u00e4rbel Ritthammer (stellvertr. Schulleiterin), Abt Markus, Lea Wimmer, Johannes Maier, Franz Haltmayer (Schulleiter), Alena Biedermann, Roman Reischl, Lena Franz<\/em><\/figcaption><\/figure>\n\n\n<p>Die Scheyrer Schulfamilie ist stolz auf die 260 Sch\u00fcler und Sch\u00fclerinnen, die das Abitur bestanden haben. Davon haben sogar 41 eine Eins vor dem Komma stehen. Respekt! Diesen bekundeten auch der neue Schulleiter der BO Scheyern StD Franz Haltmayer, der Landrat Albert G\u00fcrtner und Abt Markus in ihren Videobotschaften an die Absolventinnen und Absolventen sowie ihren Familien w\u00e4hrend der Zeugnisverleihung, die Corona geschuldet zeitversetzt und in verschiedenen R\u00e4umen stattfand. Auch der Gottesdienst, der von Pater Benedikt gestaltet wurde, durfte im Rahmen der Abschlussfeier nat\u00fcrlich nicht fehlen. \u00a0Anschlie\u00dfend konnten alle noch mit einem Glas Sekt, der von der Stephanus-Stiftung des Klosters Scheyern gesponsert wurde, bei strahlendem Sonnenschein im Kloster Innenhof \u2013 mit Abstand \u2013 ansto\u00dfen.<\/p>\n<p>Dort wurden dann abschlie\u00dfend die Besten der Besten wie jedes Jahr mit Geldpreisen der Sparkasse Pfaffenhofen ausgezeichnet. F\u00fcr ihre herausragenden Leistungen wurden Lea Wimmer und Alena Biedermann als die beiden besten Absolventinnen der Allgemeinen Hochschulreife geehrt. Die besten Sch\u00fcler und Sch\u00fclerinnen mit Fachhochschulreife der FOS und BOS sind: Roman Reischl, Lena Franz und Johannes Maier.<\/p>\n<p>Auch die Sch\u00fclersprecherinnen und Sch\u00fclersprecher, Derice Schuhmacher, Lara D\u00fcren, Maiken Peuler, Thomas Maier, Till Meyer zu K\u00f6cker und Jonathan Habl, erhielten Preise f\u00fcr ihre Arbeit. Ferner wurde das Engagement von Hana Besirevic in der Sch\u00fclerzeitung und in der UNAG (Umwelt- und Nachhaltigkeits-AG) geehrt und Jonas Geisenhofer f\u00fcr seinen Einsatz rund um das Schul-Merchandise der SMV.<\/p>\n<p>Musikalisch umrahmt wurde die Verabschiedung von der Schulband unter der Leitung von Katrin Czerny sowie ihren T\u00f6chter Josefa und Johanna Czerny.<\/p>","protected":false},"excerpt":{"rendered":"<p>Die Scheyrer Schulfamilie ist stolz auf die 260 Sch\u00fcler und Sch\u00fclerinnen, die das Abitur bestanden haben. Davon haben sogar 41 eine Eins vor dem Komma stehen. Respekt! Diesen bekundeten auch <a class=\"more-link\" href=\"https:\/\/bos-scheyern.de\/bo\/?p=4126\">weiterlesen<span class=\"screen-reader-text\">Scheyern verabschiedet voller Stolz seine Abiturientinnen und Abiturienten<\/span><span class=\"meta-nav\">\u2192<\/span><\/a><\/p>\n","protected":false},"author":13,"featured_media":4127,"comment_status":"closed","ping_status":"closed","sticky":false,"template":"","format":"standard","meta":[],"categories":[11],"tags":[],"_links":{"self":[{"href":"https:\/\/bos-scheyern.de\/bo\/index.php?rest_route=\/wp\/v2\/posts\/4126"}],"collection":[{"href":"https:\/\/bos-scheyern.de\/bo\/index.php?rest_route=\/wp\/v2\/posts"}],"about":[{"href":"https:\/\/bos-scheyern.de\/bo\/index.php?rest_route=\/wp\/v2\/types\/post"}],"author":[{"embeddable":true,"href":"https:\/\/bos-scheyern.de\/bo\/index.php?rest_route=\/wp\/v2\/users\/13"}],"replies":[{"embeddable":true,"href":"https:\/\/bos-scheyern.de\/bo\/index.php?rest_route=%2Fwp%2Fv2%2Fcomments&post=4126"}],"version-history":[{"count":5,"href":"https:\/\/bos-scheyern.de\/bo\/index.php?rest_route=\/wp\/v2\/posts\/4126\/revisions"}],"predecessor-version":[{"id":4135,"href":"https:\/\/bos-scheyern.de\/bo\/index.php?rest_route=\/wp\/v2\/posts\/4126\/revisions\/4135"}],"wp:featuredmedia":[{"embeddable":true,"href":"https:\/\/bos-scheyern.de\/bo\/index.php?rest_route=\/wp\/v2\/media\/4127"}],"wp:attachment":[{"href":"https:\/\/bos-scheyern.de\/bo\/index.php?rest_route=%2Fwp%2Fv2%2Fmedia&parent=4126"}],"wp:term":[{"taxonomy":"category","embeddable":true,"href":"https:\/\/bos-scheyern.de\/bo\/index.php?rest_route=%2Fwp%2Fv2%2Fcategories&post=4126"},{"taxonomy":"post_tag","embeddable":true,"href":"https:\/\/bos-scheyern.de\/bo\/index.php?rest_route=%2Fwp%2Fv2%2Ftags&post=4126"}],"curies":[{"name":"wp","href":"https:\/\/api.w.org\/{rel}","templated":true}]}}