{"id":4570,"date":"2022-02-26T12:05:29","date_gmt":"2022-02-26T11:05:29","guid":{"rendered":"https:\/\/bos-scheyern.de\/bo\/?p=4570"},"modified":"2022-04-01T08:39:22","modified_gmt":"2022-04-01T07:39:22","slug":"so-geht-politik","status":"publish","type":"post","link":"https:\/\/bos-scheyern.de\/bo\/?p=4570","title":{"rendered":"So geht Politik!"},"content":{"rendered":"\n<figure class=\"wp-block-image size-large\"><img loading=\"lazy\" width=\"1024\" height=\"683\" src=\"https:\/\/bos-scheyern.de\/bo\/wp-content\/uploads\/2022\/02\/IMG_6141_V-1024x683.jpg\" alt=\"\" class=\"wp-image-4571\" srcset=\"https:\/\/bos-scheyern.de\/bo\/wp-content\/uploads\/2022\/02\/IMG_6141_V-1024x683.jpg 1024w, https:\/\/bos-scheyern.de\/bo\/wp-content\/uploads\/2022\/02\/IMG_6141_V-300x200.jpg 300w, https:\/\/bos-scheyern.de\/bo\/wp-content\/uploads\/2022\/02\/IMG_6141_V-768x512.jpg 768w, https:\/\/bos-scheyern.de\/bo\/wp-content\/uploads\/2022\/02\/IMG_6141_V-1536x1024.jpg 1536w, https:\/\/bos-scheyern.de\/bo\/wp-content\/uploads\/2022\/02\/IMG_6141_V-2048x1365.jpg 2048w\" sizes=\"(max-width: 1024px) 100vw, 1024px\" \/><figcaption><em>Sara Strazzer (F-VKT) und Marcel Schranner (F-A12A), unsere Vertreter im Jugendkreistag<\/em><\/figcaption><\/figure>\n\n\n\n<h3>Ein Bericht \u00fcber den ersten Workshop des Jugendkreistags Ende Januar (29.01.\/30.01.2022)<\/h3>\n\n\n<p>Am ersten Tag des Workshops wurden alle Jugendkreisr\u00e4t*innen von Michael Reinecke, dem Leiter des Planspiels \u201ePimp Your Town\u201c, begr\u00fc\u00dft. Nach einer kleinen Vorstellungsrunde teilte er die Teilnehmer*innen in verschiedene Fraktionen ein. Jede Fraktion erhielt einen Fraktionsleiter. Dieser begleitete die Jugendlichen und f\u00fchrte das jeweilige Programm mit ihnen durch.<\/p>\n<p>Unsere Gruppe aus sechs Teilnehmer*innen wurde Jannis van Duijn, einem Mitglied des Planspiels aus dem Bundesfreiwilligendienst, zugeteilt, der dann auch als Ansprechpartner galt. Unter seiner Leitung fanden zwei Warm-up-Spiele statt, in denen es darum ging, ung\u00fcltige und g\u00fcltige Stimmzettel zu erkennen oder Politiker und Bundesl\u00e4nder zu erraten.<\/p>\n<p>Nach diesen Spielen folgte auch schon der Crashkurs \u00fcber Kommunalpolitik und den Landkreis Pfaffenhofen. Jannis van Duijn kl\u00e4rte \u00fcber verschiedene Begriffe wie Bund, Land, Landkreis und Kommune auf. Im Anschluss spielte unsere Gruppe, die sich auch einen Fraktionsnamen \u00fcberlegen musste, ein Ebenenspiel, in dem es darum ging, kommunale Aufgaben wie M\u00fcllabfuhr oder \u00d6PNV den oben genannten Begriffen zuzuordnen.<\/p>\n<p>Nun war es an der Zeit, eigene Pl\u00e4ne zu schmieden und sich Ideen f\u00fcr den Landkreis Pfaffenhofen zu \u00fcberlegen. Nach Sortierung der Ideen wurden Marcel und Sara, die Jugendkreisr\u00e4te der Stadt Pfaffenhofen, dem Ausschuss Bau- und Vergabeausschuss zugeordnet. Es gab auch den Umweltausschuss und den Sozialausschuss, in welche die anderen vier Mitspieler in jeweiligen Zweiergruppen eingeteilt worden waren.<\/p>\n<p>Marcel und Sara verfassten insgesamt drei Antr\u00e4ge zu den vorher gesammelten Ideen, in einem ging es beispielsweise um den Bau von Hundeparks. Sie suchten daf\u00fcr jeweils Argumente, um in der Ausschusssitzung, die am 2. Tag folgte, alle teilnehmenden R\u00e4t*innen aus den anderen Fraktionen des Bau- und Vergabeausschusses von unseren Ideen zu \u00fcberzeugen.<\/p>\n<p>Am zweiten Tag wurden alle von Landrat Albert G\u00fcrtner begr\u00fc\u00dft und danach wieder in die bereits gebildeten Fraktionen eingeteilt. Unsere Fraktion trug den Namen FFN (\u201eFancy Fraktionsname\u201c). Dort wurde uns Max Hechinger, Stadtrat in Pfaffenhofen, zugeteilt, mit dem wir die Antr\u00e4ge aus dem Bau- und Vergabeausschuss besprechen und bearbeiten konnten.<\/p>\n<p>In der sogenannten <em>Ausschusssitzung<\/em>, die Julia Spitzenberger, Stadtr\u00e4tin in Pfaffenhofen, leitete, wurde \u00fcber alle Antr\u00e4ge aus dem Bau- und Vergabeausschuss abgestimmt und nochmals diskutiert. Einige Antr\u00e4ge wurden von der Mehrheit nicht angenommen, doch ein paar haben es geschafft.<\/p>\n<p>Diese Antr\u00e4ge werden weiterverfolgt werden, um sie in der kommenden Sitzung anzusprechen und umzusetzen. Dieser Workshop war ein Planspiel, und folglich eine gute \u00dcbung f\u00fcr die Herausforderungen, die bald auf das Jugendparlament zukommen werden.<\/p>\n<p><em>Text: Sara Strazzer (F-VKT)<br><\/em><\/p>\n\n\n<p><\/p>\n","protected":false},"excerpt":{"rendered":"<p>Ein Bericht \u00fcber den ersten Workshop des Jugendkreistags Ende Januar (29.01.\/30.01.2022) Am ersten Tag des Workshops wurden alle Jugendkreisr\u00e4t*innen von Michael Reinecke, dem Leiter des Planspiels \u201ePimp Your Town\u201c, begr\u00fc\u00dft. <a class=\"more-link\" href=\"https:\/\/bos-scheyern.de\/bo\/?p=4570\">weiterlesen<span class=\"screen-reader-text\">So geht Politik!<\/span><span class=\"meta-nav\">\u2192<\/span><\/a><\/p>\n","protected":false},"author":13,"featured_media":4571,"comment_status":"closed","ping_status":"closed","sticky":false,"template":"","format":"standard","meta":[],"categories":[11],"tags":[],"_links":{"self":[{"href":"https:\/\/bos-scheyern.de\/bo\/index.php?rest_route=\/wp\/v2\/posts\/4570"}],"collection":[{"href":"https:\/\/bos-scheyern.de\/bo\/index.php?rest_route=\/wp\/v2\/posts"}],"about":[{"href":"https:\/\/bos-scheyern.de\/bo\/index.php?rest_route=\/wp\/v2\/types\/post"}],"author":[{"embeddable":true,"href":"https:\/\/bos-scheyern.de\/bo\/index.php?rest_route=\/wp\/v2\/users\/13"}],"replies":[{"embeddable":true,"href":"https:\/\/bos-scheyern.de\/bo\/index.php?rest_route=%2Fwp%2Fv2%2Fcomments&post=4570"}],"version-history":[{"count":10,"href":"https:\/\/bos-scheyern.de\/bo\/index.php?rest_route=\/wp\/v2\/posts\/4570\/revisions"}],"predecessor-version":[{"id":4618,"href":"https:\/\/bos-scheyern.de\/bo\/index.php?rest_route=\/wp\/v2\/posts\/4570\/revisions\/4618"}],"wp:featuredmedia":[{"embeddable":true,"href":"https:\/\/bos-scheyern.de\/bo\/index.php?rest_route=\/wp\/v2\/media\/4571"}],"wp:attachment":[{"href":"https:\/\/bos-scheyern.de\/bo\/index.php?rest_route=%2Fwp%2Fv2%2Fmedia&parent=4570"}],"wp:term":[{"taxonomy":"category","embeddable":true,"href":"https:\/\/bos-scheyern.de\/bo\/index.php?rest_route=%2Fwp%2Fv2%2Fcategories&post=4570"},{"taxonomy":"post_tag","embeddable":true,"href":"https:\/\/bos-scheyern.de\/bo\/index.php?rest_route=%2Fwp%2Fv2%2Ftags&post=4570"}],"curies":[{"name":"wp","href":"https:\/\/api.w.org\/{rel}","templated":true}]}}