{"id":4577,"date":"2022-02-26T12:16:48","date_gmt":"2022-02-26T11:16:48","guid":{"rendered":"https:\/\/bos-scheyern.de\/bo\/?p=4577"},"modified":"2022-04-01T07:46:03","modified_gmt":"2022-04-01T06:46:03","slug":"aktion-des-franzoesisch-fortgefuehrt-kurses-zum-deutsch-franzoesischen-tag","status":"publish","type":"post","link":"https:\/\/bos-scheyern.de\/bo\/?p=4577","title":{"rendered":"Aktion des Franz\u00f6sisch fortgef\u00fchrt-Kurses zum \u201eDeutsch-Franz\u00f6sischen Tag\u201c"},"content":{"rendered":"<p>Der \u201eDeutsch-Franz\u00f6sische Tag\u201c wurde 2003 anl\u00e4sslich des 40. Jahrestages des \u00c9lys\u00e9e-Vertrages von Jacques Chirac und Gerhard Schr\u00f6der ins Leben gerufen. Er erinnert seither in beiden L\u00e4ndern an jedem 22. Januar an die Bedeutung von Auss\u00f6hnung und Freundschaft nach den verheerenden Kriegen des 19. und 20. Jahrhunderts.<\/p>\n<p>Um den europ\u00e4ischen Friedensgedanken auch unter pandemischen Bedingungen weiterzugeben und der FOSBOS Scheyern Einblicke in den kulturellen Reichtum unseres sch\u00f6nen Nachbarlandes zu bieten, haben die Sch\u00fclerinnen und Sch\u00fcler des Franz\u00f6sisch fortgef\u00fchrt-Kurses unter Leitung von Frau Leinfelder eine digitale Pinnwand f\u00fcr unsere Schule erstellt, die verschiedenste Informationen \u00fcber Frankreich und Franz\u00f6sisch enth\u00e4lt.<\/p>\n<p>Anschlie\u00dfend konnten alle FOSBOSler ihre neu gewonnenen Erkenntnisse im Rahmen eines Quiz unter Beweis stellen. Unter den richtigen Einsendungen wurden die drei Besten mit Preisen belohnt, um unter anderem auch den kulinarischen Reichtum der \u201eGrande Nation\u201c zu erfahren.<\/p>\n\n\n<figure class=\"wp-block-image size-full\"><img loading=\"lazy\" width=\"697\" height=\"812\" src=\"https:\/\/bos-scheyern.de\/bo\/wp-content\/uploads\/2022\/02\/Foto_Gewinner.jpeg\" alt=\"\" class=\"wp-image-4578\" srcset=\"https:\/\/bos-scheyern.de\/bo\/wp-content\/uploads\/2022\/02\/Foto_Gewinner.jpeg 697w, https:\/\/bos-scheyern.de\/bo\/wp-content\/uploads\/2022\/02\/Foto_Gewinner-258x300.jpeg 258w\" sizes=\"(max-width: 697px) 100vw, 697px\" \/><figcaption>Die gl\u00fccklichen Gewinner: Luan Mehmeti, Paulina Vavrova, Charlotte Wagner<\/figcaption><\/figure>\n\n\n\n<p><em>Text und Foto: Teresa Leinfelder, StRin<\/em><\/p>\n","protected":false},"excerpt":{"rendered":"<p>Der \u201eDeutsch-Franz\u00f6sische Tag\u201c wurde 2003 anl\u00e4sslich des 40. Jahrestages des \u00c9lys\u00e9e-Vertrages von Jacques Chirac und Gerhard Schr\u00f6der ins Leben gerufen. Er erinnert seither in beiden L\u00e4ndern an jedem 22. Januar <a class=\"more-link\" href=\"https:\/\/bos-scheyern.de\/bo\/?p=4577\">weiterlesen<span class=\"screen-reader-text\">Aktion des Franz\u00f6sisch fortgef\u00fchrt-Kurses zum \u201eDeutsch-Franz\u00f6sischen Tag\u201c<\/span><span class=\"meta-nav\">\u2192<\/span><\/a><\/p>\n","protected":false},"author":13,"featured_media":4598,"comment_status":"closed","ping_status":"closed","sticky":false,"template":"","format":"standard","meta":[],"categories":[11],"tags":[],"_links":{"self":[{"href":"https:\/\/bos-scheyern.de\/bo\/index.php?rest_route=\/wp\/v2\/posts\/4577"}],"collection":[{"href":"https:\/\/bos-scheyern.de\/bo\/index.php?rest_route=\/wp\/v2\/posts"}],"about":[{"href":"https:\/\/bos-scheyern.de\/bo\/index.php?rest_route=\/wp\/v2\/types\/post"}],"author":[{"embeddable":true,"href":"https:\/\/bos-scheyern.de\/bo\/index.php?rest_route=\/wp\/v2\/users\/13"}],"replies":[{"embeddable":true,"href":"https:\/\/bos-scheyern.de\/bo\/index.php?rest_route=%2Fwp%2Fv2%2Fcomments&post=4577"}],"version-history":[{"count":1,"href":"https:\/\/bos-scheyern.de\/bo\/index.php?rest_route=\/wp\/v2\/posts\/4577\/revisions"}],"predecessor-version":[{"id":4579,"href":"https:\/\/bos-scheyern.de\/bo\/index.php?rest_route=\/wp\/v2\/posts\/4577\/revisions\/4579"}],"wp:featuredmedia":[{"embeddable":true,"href":"https:\/\/bos-scheyern.de\/bo\/index.php?rest_route=\/wp\/v2\/media\/4598"}],"wp:attachment":[{"href":"https:\/\/bos-scheyern.de\/bo\/index.php?rest_route=%2Fwp%2Fv2%2Fmedia&parent=4577"}],"wp:term":[{"taxonomy":"category","embeddable":true,"href":"https:\/\/bos-scheyern.de\/bo\/index.php?rest_route=%2Fwp%2Fv2%2Fcategories&post=4577"},{"taxonomy":"post_tag","embeddable":true,"href":"https:\/\/bos-scheyern.de\/bo\/index.php?rest_route=%2Fwp%2Fv2%2Ftags&post=4577"}],"curies":[{"name":"wp","href":"https:\/\/api.w.org\/{rel}","templated":true}]}}