{"id":467,"date":"2015-01-03T13:30:43","date_gmt":"2015-01-03T13:30:43","guid":{"rendered":"http:\/\/cms2.bos-scheyern.de\/?p=467"},"modified":"2024-01-10T16:46:23","modified_gmt":"2024-01-10T15:46:23","slug":"informationen-zur-bos","status":"publish","type":"post","link":"https:\/\/bos-scheyern.de\/bo\/?p=467","title":{"rendered":"Informationen zur BOS"},"content":{"rendered":"<div style=\"float: right;\"><video poster=\"https:\/\/cdn.fosbos-scheyern.de\/0\/klosterflug.jpg\" controls=\"controls\" width=\"300px\" height=\"150\"><source type=\"video\/mp4\" src=\"https:\/\/cdn.fosbos-scheyern.de\/0\/ZweigeFOSBOS.mp4\" \/><\/video><\/div>\n<div>\n<div>Sch\u00fclerinnen und Sch\u00fcler mit einer abgeschlossenen Berufsausbildung bzw. einer 5-j\u00e4hrigen Berufst\u00e4tigkeit k\u00f6nnen eine Berufsoberschule besuchen, wenn sie sich schulisch weiterbilden wollen.<br \/>\nDie BOS Scheyern bietet f\u00fcr diese Sch\u00fclerinnen und Sch\u00fcler folgende Ausbildungsangebote in den Ausbildungsrichtungen Technik und Wirtschaft an:<\/p>\n<ul>\n<li>\n<p align=\"JUSTIFY\">Vorkurs (Teilzeitunterricht)<\/p>\n<\/li>\n<li>\n<p align=\"JUSTIFY\">Vorklasse (Vollzeitunterricht)<\/p>\n<\/li>\n<li>\n<p align=\"JUSTIFY\">12. Klasse<\/p>\n<\/li>\n<li>\n<p align=\"JUSTIFY\">13. Klasse<\/p>\n<\/li>\n<\/ul>\n<p align=\"JUSTIFY\">Wir beraten Sie bez\u00fcglich der richtigen Wahl des Schulbesuchs gerne. Vereinbaren Sie bitte telefonisch einen Termin.<br \/>\nDas Sekretariat der BOS ist telefonisch erreichbar unter 08441\/89090.<\/p>\n<\/div>\n<hr \/>\n<h3 lang=\"en-GB\" align=\"CENTER\">Aufnahmevoraussetzungen Berufsoberschule<\/h3>\n<p align=\"JUSTIFY\">In die Berufsoberschule (Jahrgangsstufe 12) kann aufgenommen werden, wer&#8230;<\/p>\n<p align=\"JUSTIFY\">1. die notwendige berufliche Vorbildung, d.h.<\/p>\n<ul>\n<li>\n<p align=\"JUSTIFY\">eine mindestens zweij\u00e4hrige Berufsausbildung<\/p>\n<\/li>\n<li>\n<p align=\"JUSTIFY\">eine mindestens zweij\u00e4hrige schulische Berufsbildung mit staatlicher Abschlusspr\u00fcfung<\/p>\n<\/li>\n<li>\n<p align=\"JUSTIFY\">eine Anstellungspr\u00fcfung in einer Laufbahn des mittleren oder gehobenen nicht-technischen oder technischen Dienstes oder eine Dienstanf\u00e4ngerpr\u00fcfung f\u00fcr den mittleren technischen Dienst bestanden hat<\/p>\n<\/li>\n<li>\n<p align=\"JUSTIFY\">eine mindestens f\u00fcnfj\u00e4hrige Berufserfahrung aufweist.<\/p>\n<\/li>\n<\/ul>\n<p align=\"JUSTIFY\">2. einen der folgenden mittleren Bildungsabschl\u00fcsse nachweisen kann<\/p>\n<ul>\n<li>\n<p align=\"JUSTIFY\">den Abschluss einer Realschule<\/p>\n<\/li>\n<li>\n<p align=\"JUSTIFY\">das Abschlusszeugnis einer Wirtschaftsschule<\/p>\n<\/li>\n<li>\n<p align=\"JUSTIFY\">das Zeugnis \u00fcber den qualifizierten beruflichen Bildungsabschluss (Quabi)<\/p>\n<\/li>\n<li>\n<p align=\"JUSTIFY\">das Zeugnis \u00fcber den mittleren Schulabschluss der Berufsfach- oder Berufsschule<\/p>\n<\/li>\n<li>\n<p align=\"JUSTIFY\">das Zeugnis \u00fcber den mittleren Schulabschluss einer bayer. Mittelschule<\/p>\n<\/li>\n<li>\n<p align=\"JUSTIFY\">die Oberstufenreife eines Gymnasiums<\/p>\n<\/li>\n<li>\n<p align=\"JUSTIFY\">das Zeugnis \u00fcber die bestandene \u201eBesondere Pr\u00fcfung\u201c<\/p>\n<\/li>\n<li>\n<p align=\"JUSTIFY\">oder ein anderes Zeugnis, das vom Staatsministerium f\u00fcr Unterricht und Kultus allgemein oder im Einzelfall als mittlerer Schulabschluss anerkannt wird<\/p>\n<\/li>\n<\/ul>\n<p align=\"JUSTIFY\">und 3.<\/p>\n<ul>\n<li>\n<p align=\"JUSTIFY\">den mittleren Bildungsabschluss mit einem Notendurchschnitt von 3,5 in den F\u00e4chern Deutsch, Englisch und Mathematik\u00a0oder<\/p>\n<\/li>\n<li>\n<p align=\"JUSTIFY\">die Erlaubnis zum Vorr\u00fccken in die Jahrgangsstufe 11 des Gymnasium besitzt oder<\/p>\n<\/li>\n<li>\n<p align=\"JUSTIFY\">eine Vorklasse oder den Vorkurs der Berufsoberschule erfolgreich besucht hat.<\/p>\n<\/li>\n<\/ul>\n<p align=\"JUSTIFY\">Wird der geforderte Notendurchschnitt nicht erreicht oder in einem der genannten F\u00e4cher im Zeugnis \u00fcber den mittleren Schulabschluss keine Note nachgewiesen, kann die Eignung f\u00fcr den Bildungsgang der Berufsoberschule durch die erfolgreiche Teilnahme an einer Eignungspr\u00fcfung in den drei F\u00e4chern Deutsch, Englisch und Mathematik nachgewiesen werden. (Teilnahme an der Eignungspr\u00fcfung und Besuch des Vorkurses oder der Vorklasse im gleichen Kalenderjahr schlie\u00dfen sich gegenseitig aus!).<\/p>\n<p align=\"JUSTIFY\">Die Eignungspr\u00fcfung findet jeweils Ende Juli statt: Termin siehe Homepage<\/p>\n<p align=\"JUSTIFY\">Zus\u00e4tzlich zu den genannten Kriterien gibt es auch noch Ausschlusskriterien f\u00fcr die Aufnahme an einer BOS. N\u00e4here Informationen finden Sie <a href=\"https:\/\/www.bfbn.de\/berufsoberschule\">hier!<\/a><\/p>\n<p align=\"JUSTIFY\">Wir beraten Sie bez\u00fcglich der richtigen Wahl des Schulbesuchs gerne. Bitte vereinbaren Sie telefonisch einen Termin!<\/p>\n<p lang=\"en-GB\" align=\"JUSTIFY\">Das Sekretariat der BOS ist telefonisch erreichbar unter 08441\/89090.<\/p>\n<hr \/>\n<h3 style=\"text-align: center;\" align=\"LEFT\">Die Berufsoberschule Scheyern verleiht folgende Abschl\u00fcsse:<\/h3>\n<ul>\n<li>den mittleren Bildungsabschluss<br \/>\nbei erfolgreichem Abschluss der Vorklasse<\/li>\n<\/ul>\n<ul>\n<li>die Fachhochschulreife (Fachabitur)<br \/>\nbei bestandener Pr\u00fcfung nach der 12. Klasse<\/li>\n<\/ul>\n<ul>\n<li>die fachgebundene Hochschulreife<br \/>\nbei bestandener Pr\u00fcfung nach der 13. Klasse (ohne zweite Fremdsprache)<\/li>\n<\/ul>\n<ul>\n<li>die allgemeine Hochschulreife<br \/>\nbei bestandener Pr\u00fcfung nach der 13. Klasse (mit Kenntnissen in einer zweiten Fremdsprache auf dem Niveau der Mittelstufe)<\/li>\n<\/ul>\n<hr \/>\n<h3 style=\"text-align: center;\">Kosten beim Besuch der Berufsoberschule:<\/h3>\n<p align=\"JUSTIFY\">Der Unterricht ist kostenlos.<\/p>\n<p align=\"JUSTIFY\">Einmal j\u00e4hrlich muss jedoch Kopiergeld (20,00 \u20ac) gezahlt werden. Es fallen weitere Kosten f\u00fcr notwendige Unterrichtsmaterialien wie z. B. Formelsammlungen, W\u00f6rterb\u00fccher, Taschenrechner usw. in H\u00f6he von ca. 100,00 \u20ac an. Diese Betr\u00e4ge werden in den ersten Unterrichtswochen des Schuljahres f\u00e4llig!<\/p>\n<p align=\"JUSTIFY\">In der 12. und 13. Jahrgangsstufe erhalten die Sch\u00fcler BAf\u00f6G als Zuschuss. Der jeweilige Satz kann beim f\u00fcr den Schulort zust\u00e4ndigen Landratsamt erfragt werden.<\/p>\n<p align=\"JUSTIFY\">Schulwegekosten k\u00f6nnen ggf. auf Antrag erstattet werden. Informationen hierzu erhalten Sie im Sekretariat oder bei dem f\u00fcr Ihren Wohnort zust\u00e4ndigen Landratsamt.<\/p>\n<hr \/>\n<h3 lang=\"en-GB\" align=\"CENTER\"><strong>Stundentafel Berufsoberschule<\/strong><\/h3>\n<div data-canvas-width=\"255.87072203184832\">\n<p>Ab dem Schuljahr 2019\/20 g\u00fcltig f\u00fcr alle Jahrgangstufen<\/p>\n<\/div>\n<div data-canvas-width=\"255.87072203184832\"><\/div>\n<div data-canvas-width=\"255.87072203184832\">A) Plichtf\u00e4cher<\/div>\n<div data-canvas-width=\"255.87072203184832\">Allgemeinbildende F\u00e4cher und Gesamtsummen<\/div>\n<div data-canvas-width=\"255.87072203184832\">\n<table>\n<tbody>\n<tr>\n<td>Jahrgangsstufe<\/td>\n<td>Vorkus<\/td>\n<td>Vorklasse<\/td>\n<td>12<\/td>\n<td>13<\/td>\n<\/tr>\n<tr>\n<td><\/td>\n<td>halbj\u00e4hrig<\/td>\n<td><\/td>\n<td><\/td>\n<td><\/td>\n<\/tr>\n<tr>\n<td>Religionslehre<\/td>\n<td><\/td>\n<td>1<\/td>\n<td>1<\/td>\n<td>1<\/td>\n<\/tr>\n<tr>\n<td>Deutsch<\/td>\n<td>4<\/td>\n<td>8<\/td>\n<td>5<\/td>\n<td>5<\/td>\n<\/tr>\n<tr>\n<td>Englisch<\/td>\n<td>4<\/td>\n<td>8<\/td>\n<td>5<\/td>\n<td>5<\/td>\n<\/tr>\n<tr>\n<td>Geschichte\/Sozialkunde<\/td>\n<td><\/td>\n<td>2<\/td>\n<td>3<\/td>\n<td>2<\/td>\n<\/tr>\n<tr>\n<td>Mathematik<\/td>\n<td>4<\/td>\n<td>8<\/td>\n<td>5<\/td>\n<td>5<\/td>\n<\/tr>\n<tr>\n<td>Summe allgemeinbildende F\u00e4cher<\/td>\n<td>12<\/td>\n<td>27<\/td>\n<td>19<\/td>\n<td>18<\/td>\n<\/tr>\n<tr>\n<td>Summe Profilbereich (vgl. C)<\/td>\n<td><\/td>\n<td>6<\/td>\n<td>13<\/td>\n<td>10<\/td>\n<\/tr>\n<tr>\n<td>Wahlpflichtbereich<\/td>\n<td><\/td>\n<td><\/td>\n<td>2<\/td>\n<td>4<\/td>\n<\/tr>\n<tr>\n<td>Summe gesamt<\/td>\n<td>12<\/td>\n<td>\u00a033<\/td>\n<td>34<\/td>\n<td>32<\/td>\n<\/tr>\n<tr>\n<td>\n<p>bei Wahl der Zweiten Fremdsprache<\/p>\n<p>zur Erlangung der allg. Hochschulreife<\/td>\n<td><\/td>\n<td><\/td>\n<td>36<\/td>\n<td>34<\/td>\n<\/tr>\n<\/tbody>\n<\/table>\n<\/div>\n<p>B) Profilbereich<\/p>\n<table>\n<tbody>\n<tr>\n<td>Jahrgangsstufe<\/td>\n<td>Wochenstunden<\/td>\n<td>Technik<\/td>\n<td>Wirtschaft und Verwaltung<\/td>\n<td>Sozialwesen<\/td>\n<td>ABU<\/td>\n<\/tr>\n<tr>\n<td>Vorklasse<\/td>\n<td>6<\/td>\n<td colspan=\"4\">Mindestens zwei F\u00e4cher aus den Profilbereichen<\/td>\n<\/tr>\n<tr>\n<td>11<\/td>\n<td>3<\/td>\n<td>Physik<\/td>\n<td>BwR<\/td>\n<td>P\u00e4dagogik \/Psychologie<\/td>\n<td>Biologie<\/td>\n<\/tr>\n<tr>\n<td>11<\/td>\n<td>2<\/td>\n<td>Technologie<\/td>\n<td>VWL<\/td>\n<td>Sozialwirtschaft und Recht<\/td>\n<td>Chemie<\/td>\n<\/tr>\n<tr>\n<td>11<\/td>\n<td>2<\/td>\n<td>Chemie<\/td>\n<td>Rechtslehre<\/td>\n<td>Chemie<\/td>\n<td>Physik<\/td>\n<\/tr>\n<tr>\n<td>12<\/td>\n<td>6<\/td>\n<td>Physik<\/td>\n<td>BwR<\/td>\n<td>P\u00e4dagogik \/Psychologie<\/td>\n<td>Biologie<\/td>\n<\/tr>\n<tr>\n<td>12<\/td>\n<td>3<\/td>\n<td>Technologie<\/td>\n<td>VWL<\/td>\n<td>Sozialwirtschaft und Recht<\/td>\n<td>Chemie<\/td>\n<\/tr>\n<tr>\n<td>12<\/td>\n<td>2<\/td>\n<td>Chemie<\/td>\n<td>Naturwissenschaft (Technologie)<\/td>\n<td>Biologie<\/td>\n<td>Physik<\/td>\n<\/tr>\n<tr>\n<td>12<\/td>\n<td>2<\/td>\n<td>Mathematik-Erweiterung<\/td>\n<td>Informatik<\/td>\n<td>Soziologie<\/td>\n<td>Technologie<\/td>\n<\/tr>\n<tr>\n<td>13<\/td>\n<td>5<\/td>\n<td>Physik<\/td>\n<td>BwR<\/td>\n<td>P\u00e4dagogik \/Psychologie<\/td>\n<td>Biologie<\/td>\n<\/tr>\n<tr>\n<td>13<\/td>\n<td>3<\/td>\n<td>Technologie<\/td>\n<td>VWL<\/td>\n<td>Sozialwirtschaft und Recht<\/td>\n<td>Chemie<\/td>\n<\/tr>\n<tr>\n<td>13<\/td>\n<td>2<\/td>\n<td>Chemie<\/td>\n<td>Naturwissenschaft (Technologie)<\/td>\n<td>Biologie<\/td>\n<td>Physik<\/td>\n<\/tr>\n<\/tbody>\n<\/table>\n<hr \/>\n<h3><\/h3>\n<h3 style=\"text-align: center;\">BAf\u00f6G beim Besuch der Berufsoberschule:<\/h3>\n<p align=\"JUSTIFY\">In der 12. und 13. Jahrgangsstufe erhalten die Sch\u00fcler BAf\u00f6G als Zuschuss. Der jeweilige Satz kann beim f\u00fcr den Schulort zust\u00e4ndigen Landratsamt erfragt werden.<\/p>\n<p align=\"JUSTIFY\">Online-Antragsstellung f\u00fcr BAf\u00f6G:<br \/>\n<a href=\"http:\/\/www.verwaltung.bayern.de\/portal\/by\/ServiceCenter\/BAfoeG\/BAfoegonline\" target=\"_blank\" rel=\"noopener noreferrer\">http:\/\/www.verwaltung.bayern.de\/portal\/by\/ServiceCenter\/BAfoeG\/BAfoegonline<\/a><\/p>\n<p align=\"JUSTIFY\">Durch das eGovernment-Verfahren BAf\u00f6G-Online bekommen die Sch\u00fcler Hilfestellung bei der Eingabe Ihrer Daten \u00fcber eine interaktive Hilfe. Abh\u00e4ngig von den eingegebenen Daten wird au\u00dferdem eine Liste der Unterlagen angezeigt, die dem Antrag noch hinzuzuf\u00fcgen sind. Falsche Angaben oder fehlende Unterlagen, die die Bearbeitung verz\u00f6gern w\u00fcrden, werden so verhindert.<\/p>\n<p align=\"JUSTIFY\">Wer ben\u00f6tigte Angaben nicht direkt parat hat, kann den Online-BAf\u00f6G-Antrag jederzeit auf einem Datentr\u00e4ger speichern und die Eingabe zu einem sp\u00e4teren Zeitpunkt weiterf\u00fchren. Nach einer automatischen Vollst\u00e4ndigkeits- und Plausibilit\u00e4tspr\u00fcfung wird der Antrag als PDF-Datei erstellt und mit einer Tele-Nummer versehen. Der Antrag muss nur noch ausgedruckt und unterschrieben an das zust\u00e4ndige Amt f\u00fcr Ausbildungsf\u00f6rderung geschickt werden.<\/p>\n<p align=\"JUSTIFY\">F\u00f6derleistungen k\u00f6nnen erst ab Antragseingang gew\u00e4hrt werden. Antragsdatum ist dabei nicht das Datum der Online-Antragsstellung, sondern das Datum des Eingangs des unterschriebenen Antrags beim Amt f\u00fcr Ausbildungsf\u00f6rderung.<\/p>\n<p align=\"JUSTIFY\">Der Antrag ist einzureichen bei:<\/p>\n<div align=\"center\">\n<p>Landratsamt Pfaffenhofen<br \/>\nSG 25: Amt f\u00fcr Ausbildungsf\u00f6rderung<br \/>\nHauptplatz 22<br \/>\n85276 Pfaffenhofen an der Ilm<\/p>\n<div id=\"tab\">\n<table style=\"height: 158px;\" width=\"162\">\n<tbody>\n<tr>\n<td><a href=\"https:\/\/bos-scheyern.de\/bo\/wp-content\/uploads\/2022\/02\/Handzettel-neu_082020_fuer_BOS_Schueler_Farbe.pdf\"><img loading=\"lazy\" class=\"alignnone wp-image-499\" src=\"https:\/\/bos-scheyern.de\/bo\/wp-content\/uploads\/2015\/01\/Adobe_Reader.png\" alt=\"\" width=\"73\" height=\"73\" \/><\/a><\/td>\n<\/tr>\n<tr>\n<td>Informationen f\u00fcr Antragsteller<\/td>\n<\/tr>\n<\/tbody>\n<\/table>\n<\/div>\n<\/div>\n<\/div>\n","protected":false},"excerpt":{"rendered":"<p>Sch\u00fclerinnen und Sch\u00fcler mit einer abgeschlossenen Berufsausbildung bzw. einer 5-j\u00e4hrigen Berufst\u00e4tigkeit k\u00f6nnen eine Berufsoberschule besuchen, wenn sie sich schulisch weiterbilden wollen. Die BOS Scheyern bietet f\u00fcr diese Sch\u00fclerinnen und Sch\u00fcler <a class=\"more-link\" href=\"https:\/\/bos-scheyern.de\/bo\/?p=467\">weiterlesen<span class=\"screen-reader-text\">Informationen zur BOS<\/span><span class=\"meta-nav\">\u2192<\/span><\/a><\/p>\n","protected":false},"author":1,"featured_media":527,"comment_status":"closed","ping_status":"closed","sticky":false,"template":"","format":"standard","meta":[],"categories":[2],"tags":[],"_links":{"self":[{"href":"https:\/\/bos-scheyern.de\/bo\/index.php?rest_route=\/wp\/v2\/posts\/467"}],"collection":[{"href":"https:\/\/bos-scheyern.de\/bo\/index.php?rest_route=\/wp\/v2\/posts"}],"about":[{"href":"https:\/\/bos-scheyern.de\/bo\/index.php?rest_route=\/wp\/v2\/types\/post"}],"author":[{"embeddable":true,"href":"https:\/\/bos-scheyern.de\/bo\/index.php?rest_route=\/wp\/v2\/users\/1"}],"replies":[{"embeddable":true,"href":"https:\/\/bos-scheyern.de\/bo\/index.php?rest_route=%2Fwp%2Fv2%2Fcomments&post=467"}],"version-history":[{"count":31,"href":"https:\/\/bos-scheyern.de\/bo\/index.php?rest_route=\/wp\/v2\/posts\/467\/revisions"}],"predecessor-version":[{"id":5758,"href":"https:\/\/bos-scheyern.de\/bo\/index.php?rest_route=\/wp\/v2\/posts\/467\/revisions\/5758"}],"wp:featuredmedia":[{"embeddable":true,"href":"https:\/\/bos-scheyern.de\/bo\/index.php?rest_route=\/wp\/v2\/media\/527"}],"wp:attachment":[{"href":"https:\/\/bos-scheyern.de\/bo\/index.php?rest_route=%2Fwp%2Fv2%2Fmedia&parent=467"}],"wp:term":[{"taxonomy":"category","embeddable":true,"href":"https:\/\/bos-scheyern.de\/bo\/index.php?rest_route=%2Fwp%2Fv2%2Fcategories&post=467"},{"taxonomy":"post_tag","embeddable":true,"href":"https:\/\/bos-scheyern.de\/bo\/index.php?rest_route=%2Fwp%2Fv2%2Ftags&post=467"}],"curies":[{"name":"wp","href":"https:\/\/api.w.org\/{rel}","templated":true}]}}