{"id":4753,"date":"2022-07-07T10:47:33","date_gmt":"2022-07-07T08:47:33","guid":{"rendered":"https:\/\/bos-scheyern.de\/bo\/?p=4753"},"modified":"2022-07-07T11:03:21","modified_gmt":"2022-07-07T09:03:21","slug":"aktionstag-demokratie-erleben","status":"publish","type":"post","link":"https:\/\/bos-scheyern.de\/bo\/?p=4753","title":{"rendered":"Aktionstag Demokratie (er)leben"},"content":{"rendered":"\n<figure class=\"wp-block-image size-full is-resized\"><img src=\"https:\/\/bos-scheyern.de\/bo\/wp-content\/uploads\/2022\/07\/Bild2-edited.png\" alt=\"\" class=\"wp-image-4771\" width=\"631\" srcset=\"https:\/\/bos-scheyern.de\/bo\/wp-content\/uploads\/2022\/07\/Bild2-edited.png 618w, https:\/\/bos-scheyern.de\/bo\/wp-content\/uploads\/2022\/07\/Bild2-edited-300x184.png 300w\" sizes=\"(max-width: 618px) 100vw, 618px\" \/><figcaption>v.l.n.r.: Patrizia Thalmeier (StRin), Marcel Schranner (F-AT12A, Mitglied im Jugendkreistag), Sabine Thielitz (StRin)<\/figcaption><\/figure>\n\n\n<p>In dem vergangenen Schuljahr ist die FOS\/BOS Scheyern mit dem Erhalt des Titels <strong>\u201eSchule ohne Rassismus \u2013 Schule mit Courage\u201c<\/strong> in das gleichnamige bundesweite Schulnetzwerk offiziell aufgenommen worden. Damit hatte sich die Sch\u00fcler- und Lehrerschaft ganz bewusst daf\u00fcr entschieden, sich gegen jede Form von Diskriminierung, Ausgrenzung, Mobbing und Gewalt zu wenden, im Unterrichtsgeschehen \u00fcber diese Themen zu informieren und sich proaktiv gegen diese in der Gesellschaft zunehmenden, destruktiven Tendenzen zu engagieren.<\/p>\n<p>Den beiden Betreuerinnen der AG \u201eSchule ohne Rassismus\u201c lag es dabei besonders am Herzen, in diesem Schuljahr verschiedene Impulse und Denkanst\u00f6\u00dfe zu geben, um auch im allt\u00e4glichen Schulbetrieb immer wieder in Erinnerung zu rufen, dass die Schulgemeinschaft in Scheyern Ausgrenzung und Diskriminierung ablehnt und sich als \u201ebunt\u201c und weltoffen versteht. Somit sollte das 2021 am Schulgeb\u00e4ude angebrachte Schild, mit dem der Schule der Titel \u201eSchule ohne Rassismus \u2013 Schule mit Courage\u201c verliehen worden war, mit Leben gef\u00fcllt werden: Denn Ziel eines solchen Projekts kann und darf es nicht sein, dass man den Titel nur einmal \u201egewinnt\u201c und danach nicht weiter daran arbeitet!<\/p>\n<p>Bereits im Herbst \/ Winter 2021\/22 wurde mit der <strong>Aktion \u201eBunte Lichter gegen braune Schatten\u201c<\/strong> sowie mit den <strong>Adventsimpulsen<\/strong> versucht, ein Zeichen gegen Diskriminierung und Rassismus an der Schule zu setzen. Dar\u00fcber hinaus wurde mit den Sch\u00fcler- und Klassensprecher*innen ein <strong>Workshop zur achtsamen Kommunikation<\/strong> durchgef\u00fchrt, um auf die Folgen von Hatespeech aufmerksam zu machen. Angesichts der aktuellen weltpolitischen Situation beteiligte sich die FOS\/BOS Scheyern als \u201eSchule ohne Rassismus \u2013 Schule mit Courage\u201c selbstverst\u00e4ndlich auch an einer <strong>Spendenaktion f\u00fcr die Ukrainehilfe<\/strong>. Erfreulicherweise konnten mit dem Verkauf kleiner Buchsstr\u00e4u\u00dfchen hier 2000 Euro f\u00fcr die Organisation \u201eSch\u00fcler helfen Leben\u201c gesammelt und gespendet werden.<\/p>\n<p>Das letzte gr\u00f6\u00dfere Projekt in diesem Schuljahr bildete nun zum Abschluss der <strong>Aktionstag \u201eDemokratie (er)leben\u201c<\/strong>. Als Datum f\u00fcr den Aktionstag war bewusst der <strong>20. Mai 2022<\/strong> gew\u00e4hlt worden, da dies der letzte Tag in dem laufenden Schuljahr war, an dem noch alle Sch\u00fcler*innen der Abschlussklassen in Pr\u00e4senz im regul\u00e4ren Unterricht anwesend waren, bevor diese dann ins Abitur starten durften und die Leistungsnachweise zu diesem Zeitpunkt in aller Regel bereits abgeschlossen waren. An dem Aktionstag selbst sollten die verschiedenen Projekte, Artikel, Pr\u00e4sentationen und Aktionen, die an der Schule unter der Schirmherrschaft der \u201eSchule ohne Rassismus\u201c erarbeitet worden waren, vorgestellt und von den Sch\u00fclerinnen und Sch\u00fclern der anderen Klassen kritisch reflektiert werden. Vor allem die <strong>Lehrkr\u00e4fte aus den Fachschaften Politik &amp; Gesellschaft sowie Deutsch<\/strong> hatten sich mit viel M\u00fche und Einfallsreichtum den Themenkomplexen \u201eAusgrenzung und Diskriminierung sowie deren Folgen\u201c, \u201eMigration und Integration \u2013 exemplarisch am Beispiel Pfaffenhofen a.d. Ilm\u201c, \u201eMeinungs- und Pressefreiheit weltweit\u201c sowie \u201eMenschenrechtsverletzungen weltweit\u201c gewidmet und mit ihren Klassen informative und facettenreiche Materialien erarbeitet. Diese Informationen und Pr\u00e4sentationen konnten dann von allen anderen (auch fachfremden) Lehrkr\u00e4ften online abgerufen und ihren Sch\u00fclern vorgestellt werden. Das Online-Format war pandemiebedingt gew\u00e4hlt worden, da man es nicht verantworten wollte, eine Woche vor Beginn der Abiturpr\u00fcfungen ein Ausbruchgeschehen an der Schule durch zu viele enge und klassen\u00fcbergreifende Kontakte zu riskieren. F\u00fcr das n\u00e4chste Jahr hoffen jedoch alle Beteiligten auf eine weniger angespannte Coronasituation und somit auf eine lockerere und offenere Durchf\u00fchrungsatmosph\u00e4re.<\/p>\n<p>Des Weiteren sollte im Rahmen des Aktionstages \u201eDemokratie (er)leben\u201c auf das <strong>Jugendparlament in Pfaffenhofen<\/strong> sowie auf den <strong>Jugendkreistag des Landkreises Pfaffenhofen<\/strong> aufmerksam gemacht werden, da politisches Engagement f\u00fcr eine funktionierende Demokratie unerl\u00e4sslich ist. F\u00fcr die Gestaltung der diesbez\u00fcglichen Informationstafeln konnten sogar die beiden Vertreter unserer Schule im Jugendkreistag, <strong>Sara Strazzer und Marcel Schranner<\/strong>, als Unterst\u00fctzung gewonnen werden. Anhand von diversen Plakaten und zusammenfassenden Informationen konnten sich die Sch\u00fclerinnen und Sch\u00fcler im Eingangsbereich des B-Baus einen \u00dcberblick \u00fcber die Strukturen, Aufgaben und Projekte sowie \u00fcber die Teilnahmevoraussetzungen des Jugendparlaments bzw. des Jugendkreistages verschaffen.<\/p>\n<p>Somit hoffen alle Beteiligten, dass die Schulgemeinschaft von diesem Aktionstag profitieren konnte und dass auch im neuen Schuljahr viele weitere Projekte und Aktionen von unserem \u201eSchule ohne Rassismus\u201c \u2013 Team angesto\u00dfen werden k\u00f6nnen. Denn der Einsatz f\u00fcr einen wertsch\u00e4tzenden Umgang und ein vorurteilsfreies Miteinander bleibt eine st\u00e4ndige Verpflichtung und t\u00e4glich zu bew\u00e4ltigende Herausforderung f\u00fcr alle Mitglieder unserer Schulfamilie.<\/p>\n<p><em>Text: Thalmeier\/Thielitz<\/em><\/p>","protected":false},"excerpt":{"rendered":"<p>In dem vergangenen Schuljahr ist die FOS\/BOS Scheyern mit dem Erhalt des Titels \u201eSchule ohne Rassismus \u2013 Schule mit Courage\u201c in das gleichnamige bundesweite Schulnetzwerk offiziell aufgenommen worden. Damit hatte <a class=\"more-link\" href=\"https:\/\/bos-scheyern.de\/bo\/?p=4753\">weiterlesen<span class=\"screen-reader-text\">Aktionstag Demokratie (er)leben<\/span><span class=\"meta-nav\">\u2192<\/span><\/a><\/p>\n","protected":false},"author":13,"featured_media":4765,"comment_status":"closed","ping_status":"closed","sticky":false,"template":"","format":"standard","meta":[],"categories":[11],"tags":[],"_links":{"self":[{"href":"https:\/\/bos-scheyern.de\/bo\/index.php?rest_route=\/wp\/v2\/posts\/4753"}],"collection":[{"href":"https:\/\/bos-scheyern.de\/bo\/index.php?rest_route=\/wp\/v2\/posts"}],"about":[{"href":"https:\/\/bos-scheyern.de\/bo\/index.php?rest_route=\/wp\/v2\/types\/post"}],"author":[{"embeddable":true,"href":"https:\/\/bos-scheyern.de\/bo\/index.php?rest_route=\/wp\/v2\/users\/13"}],"replies":[{"embeddable":true,"href":"https:\/\/bos-scheyern.de\/bo\/index.php?rest_route=%2Fwp%2Fv2%2Fcomments&post=4753"}],"version-history":[{"count":6,"href":"https:\/\/bos-scheyern.de\/bo\/index.php?rest_route=\/wp\/v2\/posts\/4753\/revisions"}],"predecessor-version":[{"id":4772,"href":"https:\/\/bos-scheyern.de\/bo\/index.php?rest_route=\/wp\/v2\/posts\/4753\/revisions\/4772"}],"wp:featuredmedia":[{"embeddable":true,"href":"https:\/\/bos-scheyern.de\/bo\/index.php?rest_route=\/wp\/v2\/media\/4765"}],"wp:attachment":[{"href":"https:\/\/bos-scheyern.de\/bo\/index.php?rest_route=%2Fwp%2Fv2%2Fmedia&parent=4753"}],"wp:term":[{"taxonomy":"category","embeddable":true,"href":"https:\/\/bos-scheyern.de\/bo\/index.php?rest_route=%2Fwp%2Fv2%2Fcategories&post=4753"},{"taxonomy":"post_tag","embeddable":true,"href":"https:\/\/bos-scheyern.de\/bo\/index.php?rest_route=%2Fwp%2Fv2%2Ftags&post=4753"}],"curies":[{"name":"wp","href":"https:\/\/api.w.org\/{rel}","templated":true}]}}