{"id":4774,"date":"2022-07-14T13:27:54","date_gmt":"2022-07-14T11:27:54","guid":{"rendered":"https:\/\/bos-scheyern.de\/bo\/?p=4774"},"modified":"2022-09-16T16:55:24","modified_gmt":"2022-09-16T14:55:24","slug":"bayerisches-staatsministerium-fuer-unterricht-und-kultus-zeichnet-die-fosbos-scheyern-fuer-innovative-und-kreative-ansaetze-in-der-pandemie-aus","status":"publish","type":"post","link":"https:\/\/bos-scheyern.de\/bo\/?p=4774","title":{"rendered":"Bayerisches Staatsministerium f\u00fcr Unterricht und Kultus zeichnet die FOSBOS Scheyern f\u00fcr innovative und kreative Ans\u00e4tze in der Pandemie aus"},"content":{"rendered":"\n<figure class=\"wp-block-image size-large\"><img loading=\"lazy\" width=\"1024\" height=\"683\" src=\"https:\/\/bos-scheyern.de\/bo\/wp-content\/uploads\/2014\/07\/IMG_7010-2-1024x683.jpg\" alt=\"\" class=\"wp-image-4877\" srcset=\"https:\/\/bos-scheyern.de\/bo\/wp-content\/uploads\/2014\/07\/IMG_7010-2-1024x683.jpg 1024w, https:\/\/bos-scheyern.de\/bo\/wp-content\/uploads\/2014\/07\/IMG_7010-2-300x200.jpg 300w, https:\/\/bos-scheyern.de\/bo\/wp-content\/uploads\/2014\/07\/IMG_7010-2-768x512.jpg 768w, https:\/\/bos-scheyern.de\/bo\/wp-content\/uploads\/2014\/07\/IMG_7010-2-1536x1024.jpg 1536w, https:\/\/bos-scheyern.de\/bo\/wp-content\/uploads\/2014\/07\/IMG_7010-2-2048x1365.jpg 2048w\" sizes=\"(max-width: 1024px) 100vw, 1024px\" \/><\/figure>\n\n\n<p>\u201eDann kam Corona!\u201c &#8211; eine Aussage, die in Bezug auf Schulveranstaltungen vielerorts den Hinweis darauf gibt, dass das Schulleben zum Erliegen kam \u2013 nicht so an der FOSBOS Scheyern! &nbsp;An der FOSBOS Scheyern war das der Startschuss f\u00fcr eine beispiellose Entwicklung neuer Wege im Umgang mit den Beeintr\u00e4chtigungen im Zuge der Corona-Pandemie, f\u00fcr die die Schule j\u00fcngst vom Bayerischen Staatsministerium f\u00fcr Unterricht und Kultus gleich dreifach ausgezeichnet wurde.<\/p>\n<p>So werden durch die hervorragende technische Ausstattung und das gro\u00dfe Engagement des Kollegiums alle Schulveranstaltungen interaktiv und digital durchgef\u00fchrt \u2013 ein wichtiger Beitrag f\u00fcr eine aktive und funktionierende Schulfamilie!<\/p>\n<p>Nicht nur die Gemeinschaft, sondern auch jeder Einzelne r\u00fcckt an der FOSBOS Scheyern ins Zentrum: So wurden kurzerhand alle Lernr\u00e4ume an die sich ver\u00e4nderten Rahmenbedingungen angepasst und f\u00fcr den Hybridunterricht optimiert, so dass im Falle einer pandemiebedingten Quarant\u00e4ne allen Sch\u00fclerinnen und Sch\u00fclern das Angebot gemacht werden kann, online am Pr\u00e4senzunterricht teilzunehmen. Quarant\u00e4nebedingte Wissensdefizite k\u00f6nnen so auf ein Minimum reduziert werden.<\/p>\n<p>Dass Wissen erfolgreich vermittelt wird und unsere Sch\u00fclerinnen und Sch\u00fcler zu einem reflektierten Umgang mit \u00f6ffentlichen Diskursen im Rahmen des Unterrichts angeleitet werden, stellt die aktive Beteiligung der Klasse FA13A an der in der regionalen Tageszeitung gef\u00fchrten Diskussion \u00fcber eine allgemeine Impfpflicht unter Beweis. So wirkte die Klasse mithilfe ihrer interdisziplin\u00e4ren fundierten Kenntnisse aktiv auf die \u00f6ffentliche Meinungsbildung ein, indem sie ein komplexes Thema souver\u00e4n darbot und somit gegen vorherrschende Verschw\u00f6rungsmythen vorging.<\/p>\n<p>Nicht zuletzt die <a href=\"https:\/\/bos-scheyern.de\/bo\/wp-content\/uploads\/2022\/07\/2022-07-12_12-26-29_doc09494520220712122622.pdf\" target=\"_blank\" rel=\"noopener\">Auszeichnung der FOSBOS Scheyern durch Kultusminister Prof. Dr. Michael Piazolo<\/a> zeigt: Die neuen eingeschlagenen Wege zur Bew\u00e4ltigung der coronabedingten Beeintr\u00e4chtigungen sind ein voller Erfolg!<\/p>\n<p><em>Text und Foto: Johanna Reitinger (StRin)<\/em><\/p>","protected":false},"excerpt":{"rendered":"<p>\u201eDann kam Corona!\u201c &#8211; eine Aussage, die in Bezug auf Schulveranstaltungen vielerorts den Hinweis darauf gibt, dass das Schulleben zum Erliegen kam \u2013 nicht so an der FOSBOS Scheyern! &nbsp;An <a class=\"more-link\" href=\"https:\/\/bos-scheyern.de\/bo\/?p=4774\">weiterlesen<span class=\"screen-reader-text\">Bayerisches Staatsministerium f\u00fcr Unterricht und Kultus zeichnet die FOSBOS Scheyern f\u00fcr innovative und kreative Ans\u00e4tze in der Pandemie aus<\/span><span class=\"meta-nav\">\u2192<\/span><\/a><\/p>\n","protected":false},"author":13,"featured_media":4877,"comment_status":"closed","ping_status":"closed","sticky":false,"template":"","format":"standard","meta":[],"categories":[11],"tags":[],"_links":{"self":[{"href":"https:\/\/bos-scheyern.de\/bo\/index.php?rest_route=\/wp\/v2\/posts\/4774"}],"collection":[{"href":"https:\/\/bos-scheyern.de\/bo\/index.php?rest_route=\/wp\/v2\/posts"}],"about":[{"href":"https:\/\/bos-scheyern.de\/bo\/index.php?rest_route=\/wp\/v2\/types\/post"}],"author":[{"embeddable":true,"href":"https:\/\/bos-scheyern.de\/bo\/index.php?rest_route=\/wp\/v2\/users\/13"}],"replies":[{"embeddable":true,"href":"https:\/\/bos-scheyern.de\/bo\/index.php?rest_route=%2Fwp%2Fv2%2Fcomments&post=4774"}],"version-history":[{"count":10,"href":"https:\/\/bos-scheyern.de\/bo\/index.php?rest_route=\/wp\/v2\/posts\/4774\/revisions"}],"predecessor-version":[{"id":4878,"href":"https:\/\/bos-scheyern.de\/bo\/index.php?rest_route=\/wp\/v2\/posts\/4774\/revisions\/4878"}],"wp:featuredmedia":[{"embeddable":true,"href":"https:\/\/bos-scheyern.de\/bo\/index.php?rest_route=\/wp\/v2\/media\/4877"}],"wp:attachment":[{"href":"https:\/\/bos-scheyern.de\/bo\/index.php?rest_route=%2Fwp%2Fv2%2Fmedia&parent=4774"}],"wp:term":[{"taxonomy":"category","embeddable":true,"href":"https:\/\/bos-scheyern.de\/bo\/index.php?rest_route=%2Fwp%2Fv2%2Fcategories&post=4774"},{"taxonomy":"post_tag","embeddable":true,"href":"https:\/\/bos-scheyern.de\/bo\/index.php?rest_route=%2Fwp%2Fv2%2Ftags&post=4774"}],"curies":[{"name":"wp","href":"https:\/\/api.w.org\/{rel}","templated":true}]}}