{"id":4796,"date":"2022-07-22T09:55:07","date_gmt":"2022-07-22T07:55:07","guid":{"rendered":"https:\/\/bos-scheyern.de\/bo\/?p=4796"},"modified":"2022-07-22T10:03:44","modified_gmt":"2022-07-22T08:03:44","slug":"bunter-abschied-in-scheyern","status":"publish","type":"post","link":"https:\/\/bos-scheyern.de\/bo\/?p=4796","title":{"rendered":"Bunter Abschied in Scheyern"},"content":{"rendered":"\n<figure class=\"wp-block-image size-full\"><img loading=\"lazy\" width=\"987\" height=\"645\" src=\"https:\/\/bos-scheyern.de\/bo\/wp-content\/uploads\/2022\/07\/abifeier2022_collage.png\" alt=\"\" class=\"wp-image-4800\" srcset=\"https:\/\/bos-scheyern.de\/bo\/wp-content\/uploads\/2022\/07\/abifeier2022_collage.png 987w, https:\/\/bos-scheyern.de\/bo\/wp-content\/uploads\/2022\/07\/abifeier2022_collage-300x196.png 300w, https:\/\/bos-scheyern.de\/bo\/wp-content\/uploads\/2022\/07\/abifeier2022_collage-768x502.png 768w\" sizes=\"(max-width: 987px) 100vw, 987px\" \/><figcaption>o.l.: \u00d6kumenische Andacht; o.r.: Sektempfang vor der Basilika; u.l.: Bunte Luftballons steigen in den Scheyrer Himmel; u.r.: Ehrung der besten Absolventen<\/figcaption><\/figure>\n\n\n<p>\u00a0<\/p>\n<p>F\u00fcr die Absolventen der Beruflichen Oberschule (FOS\/BOS) Scheyern ist es der gro\u00dfe Tag gewesen: In festlichem Rahmen haben sie am vergangenen Freitag ihre Abiturzeugnisse entgegennehmen k\u00f6nnen. Nicht nur haben 269 Sch\u00fcler das Fachabitur beziehungsweise die fachgebundene Hochschulreife bestanden. 53 dieser Sch\u00fcler haben zudem die allgemeine Hochschulreife erreicht. Wie die Schule mitteilt, haben dabei sechs Sch\u00fcler so herausragende Leistungen erbracht, dass sie f\u00fcr die Elite-Pr\u00fcfung des Max-Weber-Programms in Frage kommen.<\/p>\n<p>Eine ganz besondere Urkunde der Landeselternvereinigung der Fachoberschulen Bayerns (LEV) erhielten Roman Reischl aus der BOS (13. Klasse, Technik-Zweig) und Johanna Dirsen aus der FOS (13. Klasse, Agrarwirtschaft, Bio- und Umwelttechnologie), die von der LEV jeweils f\u00fcr die beste Leistung in ihrer Schulart, Ausbildungsrichtung und Jahrgangsstufe ausgemacht wurden. Sie wurden daf\u00fcr mit einem Sonderpreis geehrt, \u00fcberreicht durch Oberstudiendirektor Franz Haltmayer und Elternbeirat Carsten K\u00fchnel.<\/p>\n<p>Eingel\u00e4utet \u2013 im wahrsten Sinne des Wortes \u2013 wurde die Feier mit einer \u00f6kumenischen Andacht im Klosterhof, die von Pater Benedikt und Pfarrer Spanos unter Mitwirkung von Sch\u00fclern und Lehrerkollegen mit der Unterst\u00fctzung durch die Musikgruppe unter der Leitung von Katrin Czerny gestaltet wurde. Anschlie\u00dfend fand nach Gru\u00dfworten von Abt Markus Eller, Landrat Albert G\u00fcrtner und Bernd Huber, dem Ehrenvorsitzenden des Wirtschaftsbeirats, einer Ansprache des Schulleiters Franz Haltmayer und von Vertretern der SMV die Zeugnis\u00fcbergabe in vier unterschiedlichen R\u00e4umlichkeiten statt. Als feierlichen Abschluss gab es f\u00fcr alle einen Sektempfang im Klosterhof, bei dem sich die Absolventen, Eltern, Freunde und Lehrkr\u00e4fte gut gelaunt austauschen konnten. Als \u00dcberraschung hatte die SMV zum Schluss viele bunte Luftballons vorbereitet, die die Absolventen in den wei\u00df-blauen Scheyerer Himmel steigen lie\u00dfen.<\/p>","protected":false},"excerpt":{"rendered":"<p>\u00a0 F\u00fcr die Absolventen der Beruflichen Oberschule (FOS\/BOS) Scheyern ist es der gro\u00dfe Tag gewesen: In festlichem Rahmen haben sie am vergangenen Freitag ihre Abiturzeugnisse entgegennehmen k\u00f6nnen. Nicht nur haben <a class=\"more-link\" href=\"https:\/\/bos-scheyern.de\/bo\/?p=4796\">weiterlesen<span class=\"screen-reader-text\">Bunter Abschied in Scheyern<\/span><span class=\"meta-nav\">\u2192<\/span><\/a><\/p>\n","protected":false},"author":13,"featured_media":4800,"comment_status":"closed","ping_status":"closed","sticky":false,"template":"","format":"standard","meta":[],"categories":[11],"tags":[],"_links":{"self":[{"href":"https:\/\/bos-scheyern.de\/bo\/index.php?rest_route=\/wp\/v2\/posts\/4796"}],"collection":[{"href":"https:\/\/bos-scheyern.de\/bo\/index.php?rest_route=\/wp\/v2\/posts"}],"about":[{"href":"https:\/\/bos-scheyern.de\/bo\/index.php?rest_route=\/wp\/v2\/types\/post"}],"author":[{"embeddable":true,"href":"https:\/\/bos-scheyern.de\/bo\/index.php?rest_route=\/wp\/v2\/users\/13"}],"replies":[{"embeddable":true,"href":"https:\/\/bos-scheyern.de\/bo\/index.php?rest_route=%2Fwp%2Fv2%2Fcomments&post=4796"}],"version-history":[{"count":3,"href":"https:\/\/bos-scheyern.de\/bo\/index.php?rest_route=\/wp\/v2\/posts\/4796\/revisions"}],"predecessor-version":[{"id":4804,"href":"https:\/\/bos-scheyern.de\/bo\/index.php?rest_route=\/wp\/v2\/posts\/4796\/revisions\/4804"}],"wp:featuredmedia":[{"embeddable":true,"href":"https:\/\/bos-scheyern.de\/bo\/index.php?rest_route=\/wp\/v2\/media\/4800"}],"wp:attachment":[{"href":"https:\/\/bos-scheyern.de\/bo\/index.php?rest_route=%2Fwp%2Fv2%2Fmedia&parent=4796"}],"wp:term":[{"taxonomy":"category","embeddable":true,"href":"https:\/\/bos-scheyern.de\/bo\/index.php?rest_route=%2Fwp%2Fv2%2Fcategories&post=4796"},{"taxonomy":"post_tag","embeddable":true,"href":"https:\/\/bos-scheyern.de\/bo\/index.php?rest_route=%2Fwp%2Fv2%2Ftags&post=4796"}],"curies":[{"name":"wp","href":"https:\/\/api.w.org\/{rel}","templated":true}]}}