{"id":4894,"date":"2022-09-21T22:59:30","date_gmt":"2022-09-21T20:59:30","guid":{"rendered":"https:\/\/bos-scheyern.de\/bo\/?p=4894"},"modified":"2022-09-22T10:57:37","modified_gmt":"2022-09-22T08:57:37","slug":"ausstellung-leseland-ddr-an-der-bo-scheyern","status":"publish","type":"post","link":"https:\/\/bos-scheyern.de\/bo\/?p=4894","title":{"rendered":"Ausstellung \u201eLeseland DDR\u201c an der BO Scheyern"},"content":{"rendered":"\n<figure class=\"wp-block-image size-full\"><img loading=\"lazy\" width=\"2560\" height=\"1706\" src=\"https:\/\/bos-scheyern.de\/bo\/wp-content\/uploads\/2022\/09\/Ausstellung-Leseland-end-2-1.jpg\" alt=\"\" class=\"wp-image-4912\" srcset=\"https:\/\/bos-scheyern.de\/bo\/wp-content\/uploads\/2022\/09\/Ausstellung-Leseland-end-2-1.jpg 2560w, https:\/\/bos-scheyern.de\/bo\/wp-content\/uploads\/2022\/09\/Ausstellung-Leseland-end-2-1-300x200.jpg 300w, https:\/\/bos-scheyern.de\/bo\/wp-content\/uploads\/2022\/09\/Ausstellung-Leseland-end-2-1-1024x682.jpg 1024w, https:\/\/bos-scheyern.de\/bo\/wp-content\/uploads\/2022\/09\/Ausstellung-Leseland-end-2-1-768x512.jpg 768w, https:\/\/bos-scheyern.de\/bo\/wp-content\/uploads\/2022\/09\/Ausstellung-Leseland-end-2-1-1536x1024.jpg 1536w, https:\/\/bos-scheyern.de\/bo\/wp-content\/uploads\/2022\/09\/Ausstellung-Leseland-end-2-1-2048x1365.jpg 2048w\" sizes=\"(max-width: 2560px) 100vw, 2560px\" \/><figcaption><em>Bild zeigt von links nach rechts:<\/em> <em>Anna Schmitt, Philipp Laaks, Dimka Pausch<\/em><\/figcaption><\/figure>\n\n\n\n<p>Der Begriff \u201eLeseland DDR\u201c wurde zu Beginn der 1980er Jahre von Erich Honecker, dem Vorsitzenden des Staatsrats der DDR, gepr\u00e4gt. Der im Sinne Honeckers positiv besetzte Begriff diente als Umschreibung f\u00fcr das kulturell interessierte Lesepublikum in der DDR, das \u00fcberdurchschnittlich viel schm\u00f6kerte. Doch wie bei vielen Begriffen sollte man auch bei diesem hinter die Kulissen schauen, denn die B\u00fcrgerinnen und B\u00fcrger der DDR durften insbesondere in Sachen Literatur nicht aus dem Vollen sch\u00f6pfen. Viele Werke, insbesondere die, die als regimekritisch galten, waren verboten und wurden den Leserinnen und Lesern verwehrt. Als \u201eGift des Klassenfeindes\u201c wurden sie deklariert und somit aussortiert. Zum Lesen gab es letztendlich nur ausgew\u00e4hlte Lekt\u00fcre. Allein diese Tatsache spiegelt die Unfreiheit und das Eingesperrtsein der Menschen in dem von der SED regierten Land wider.<\/p>\n\n\n\n<p>Die Bundesstiftung zur Aufarbeitung der SED-Diktatur nimmt sich in ihrer Plakat-Ausstellung \u201eLeseland DDR\u201c dieser Zweideutigkeit an. In verschiedenen Kapiteln soll darauf hingewiesen werden, dass ein Land, das bestimmte Literatur verbietet, kein freies Land sein kann. Die Bundesstiftung kommt damit abermals und vor allem auf sehr originelle Weise ihrem Auftrag nach, ein St\u00fcck der Geschichte des SED-Staates aufzukl\u00e4ren.<\/p>\n\n\n\n<p>F\u00fcr Dimka Pausch, StDin, die diese Ausstellung an die BO Scheyern holte, war von Beginn an klar, dass dieser Ansatz zur Aufarbeitung auch unseren Sch\u00fclerinnen und Sch\u00fclern erm\u00f6glicht werden sollte. Gemeinsam mit Philipp Laaks, StR und Anna Schmitt, StRin, die im Schuljahr 2022\/23 ein gleichnamiges Seminar f\u00fcr die 13. Klassen anbieten, baute sie die Ausstellung auf. Alle drei Kollegen der Fachschaft Geschichte\/Politik und Gesellschaft sind begeistert von der Ausstellung: Mit ihrer Verschmelzung von geschichtlichen und literarischen Themen bieten die Plakate viele Ankn\u00fcpfungspunkte, um diese in den Unterricht einzubauen.<\/p>\n\n\n\n<p><strong>Die Plakat-Ausstellung befindet sich im 2. Stock im G-Bau und ist frei zug\u00e4nglich.<\/strong><\/p>\n\n\n\n<p><strong><em>Anna Schmitt<\/em><\/strong><\/p>\n","protected":false},"excerpt":{"rendered":"<p>Der Begriff \u201eLeseland DDR\u201c wurde zu Beginn der 1980er Jahre von Erich Honecker, dem Vorsitzenden des Staatsrats der DDR, gepr\u00e4gt. Der im Sinne Honeckers positiv besetzte Begriff diente als Umschreibung <a class=\"more-link\" href=\"https:\/\/bos-scheyern.de\/bo\/?p=4894\">weiterlesen<span class=\"screen-reader-text\">Ausstellung \u201eLeseland DDR\u201c an der BO Scheyern<\/span><span class=\"meta-nav\">\u2192<\/span><\/a><\/p>\n","protected":false},"author":14,"featured_media":4912,"comment_status":"closed","ping_status":"closed","sticky":false,"template":"","format":"standard","meta":[],"categories":[11],"tags":[],"_links":{"self":[{"href":"https:\/\/bos-scheyern.de\/bo\/index.php?rest_route=\/wp\/v2\/posts\/4894"}],"collection":[{"href":"https:\/\/bos-scheyern.de\/bo\/index.php?rest_route=\/wp\/v2\/posts"}],"about":[{"href":"https:\/\/bos-scheyern.de\/bo\/index.php?rest_route=\/wp\/v2\/types\/post"}],"author":[{"embeddable":true,"href":"https:\/\/bos-scheyern.de\/bo\/index.php?rest_route=\/wp\/v2\/users\/14"}],"replies":[{"embeddable":true,"href":"https:\/\/bos-scheyern.de\/bo\/index.php?rest_route=%2Fwp%2Fv2%2Fcomments&post=4894"}],"version-history":[{"count":10,"href":"https:\/\/bos-scheyern.de\/bo\/index.php?rest_route=\/wp\/v2\/posts\/4894\/revisions"}],"predecessor-version":[{"id":4915,"href":"https:\/\/bos-scheyern.de\/bo\/index.php?rest_route=\/wp\/v2\/posts\/4894\/revisions\/4915"}],"wp:featuredmedia":[{"embeddable":true,"href":"https:\/\/bos-scheyern.de\/bo\/index.php?rest_route=\/wp\/v2\/media\/4912"}],"wp:attachment":[{"href":"https:\/\/bos-scheyern.de\/bo\/index.php?rest_route=%2Fwp%2Fv2%2Fmedia&parent=4894"}],"wp:term":[{"taxonomy":"category","embeddable":true,"href":"https:\/\/bos-scheyern.de\/bo\/index.php?rest_route=%2Fwp%2Fv2%2Fcategories&post=4894"},{"taxonomy":"post_tag","embeddable":true,"href":"https:\/\/bos-scheyern.de\/bo\/index.php?rest_route=%2Fwp%2Fv2%2Ftags&post=4894"}],"curies":[{"name":"wp","href":"https:\/\/api.w.org\/{rel}","templated":true}]}}