{"id":5088,"date":"2022-12-02T12:43:43","date_gmt":"2022-12-02T11:43:43","guid":{"rendered":"https:\/\/bos-scheyern.de\/bo\/?p=5088"},"modified":"2022-12-02T13:19:12","modified_gmt":"2022-12-02T12:19:12","slug":"impressionen-von-der-5-hausmesse-in-scheyern-duale-studiengaenge-berufliche-perspektiven","status":"publish","type":"post","link":"https:\/\/bos-scheyern.de\/bo\/?p=5088","title":{"rendered":"Impressionen von der 5. Hausmesse in Scheyern: Duale Studieng\u00e4nge &#038; berufliche Perspektiven"},"content":{"rendered":"\n<figure class=\"wp-block-image size-large\"><img loading=\"lazy\" width=\"1024\" height=\"683\" src=\"https:\/\/bos-scheyern.de\/bo\/wp-content\/uploads\/2022\/12\/Bild-von-der-Hausmesse-1024x683.jpg\" alt=\"\" class=\"wp-image-5089\" srcset=\"https:\/\/bos-scheyern.de\/bo\/wp-content\/uploads\/2022\/12\/Bild-von-der-Hausmesse-1024x683.jpg 1024w, https:\/\/bos-scheyern.de\/bo\/wp-content\/uploads\/2022\/12\/Bild-von-der-Hausmesse-300x200.jpg 300w, https:\/\/bos-scheyern.de\/bo\/wp-content\/uploads\/2022\/12\/Bild-von-der-Hausmesse-768x512.jpg 768w, https:\/\/bos-scheyern.de\/bo\/wp-content\/uploads\/2022\/12\/Bild-von-der-Hausmesse-1536x1024.jpg 1536w, https:\/\/bos-scheyern.de\/bo\/wp-content\/uploads\/2022\/12\/Bild-von-der-Hausmesse-2048x1365.jpg 2048w\" sizes=\"(max-width: 1024px) 100vw, 1024px\" \/><\/figure>\n\n\n\n<p>Bereits zum 5. Mal konnte an der FOSBOS Scheyern die Hausmesse als ein Projekt der regionalen akademischen und beruflichen Orientierung f\u00fcr Sch\u00fclerinnen und Sch\u00fcler der Oberstufe unter der Leitung und Organisation des Beratungslehrers Rudi Pawlitschko durchgef\u00fchrt werden. Nach dem pandemiebedingten Ausfall der letzten beiden Jahre fand diese am 29. September 2022 nun wieder wie gewohnt im Wittelsbacher Saal des Scheyerer Klosters statt. \u00dcber 20 Firmen, Beh\u00f6rden und akademische Einrichtungen aus der Region nahmen an dieser breitgef\u00e4cherten und beliebten Informationsveranstaltung teil. So waren f\u00fcr den technischen Sektor neben namenhaften Firmen wie Airbus, Bauer und Hipp auch die TH Ingolstadt vertreten. Im Bereich Sozialwesen beteiligten sich beispielsweise die Caritas, das Landratsamt Pfaffenhofen sowie die Werkst\u00e4tte Regens-Wagner aus Hohenwart. An deren und zahlreichen weiteren St\u00e4nden konnten sich die interessierten Jugendlichen \u00fcber die verschiedenen Ausbildungsm\u00f6glichkeiten informieren und wertvolle pers\u00f6nliche Kontakte kn\u00fcpfen. Dieses Angebot wurde nicht nur von den Sch\u00fclerinnen und Sch\u00fclern der FOSBOS Scheyern, sondern auch von Interessenten anderer weiterf\u00fchrender Schulen aus dem Landkreis Pfaffenhofen sowie den Nachbarlandkreisen rege genutzt. Zus\u00e4tzlich zu der eigentlichen Messe war ein abwechslungsreiches Rahmenprogramm geboten. Dieses umfasste neben jeweils einem Vortrag der TH Ingolstadt und der KU Eichst\u00e4tt auch eine Vorstellung der Ausbildungsm\u00f6glichkeiten im \u00f6ffentlichen Dienst. Zudem fand eine Podiumsdiskussion \u00fcber die Arbeit in sozialen Berufen statt, an der Elke D\u00fcrr als Leiterin des Jugendamtes Pfaffenhofen und Birgit Weinbauer, Sozialp\u00e4dagogin bei Regens-Wagner-Hohenwart, sowie Teresa Loichen, Sozialp\u00e4dagogin im wissenschaftlichen Dienst der KU Eichst\u00e4tt, und Michael Stichlmair, Sozialberater der Caritas Neuburg-Schrobenhausen teilnahmen.<\/p>\n\n\n\n<p>Wie auch die diesbez\u00fcgliche Berichterstattung in den regionalen Medien nahelegt, konnte die diesj\u00e4hrige Hausmesse der FOSBOS Scheyern mit diesem vielf\u00e4ltigen und f\u00fcr alle Beteiligten gewinnbringenden Programm einen wertvollen Beitrag zur Er\u00f6ffnung neuer akademischer und beruflicher Perspektiven in der Region leisten.<\/p>\n\n\n\n<p>Text: StRin Sabine Thielitz<\/p>\n\n\n\n<div style=\"height:18px\" aria-hidden=\"true\" class=\"wp-block-spacer\"><\/div>\n\n\n\n<p><a href=\"https:\/\/bos-scheyern.de\/bo\/wp-content\/uploads\/2022\/12\/Hausmesse-BO-Scheyern-SOB-Zeitung.pdf\">Artikel von der Hausmesse (Schrobenhausener Zeitung) <\/a><\/p>\n\n\n\n<p><a href=\"https:\/\/bos-scheyern.de\/bo\/wp-content\/uploads\/2022\/12\/Artikel-Hausmesse-BO-Scheyern-PK.pdf\">Artikel von der Hausmesse (Pfaffenhofener Kurier) <\/a><\/p>\n","protected":false},"excerpt":{"rendered":"<p>Bereits zum 5. Mal konnte an der FOSBOS Scheyern die Hausmesse als ein Projekt der regionalen akademischen und beruflichen Orientierung f\u00fcr Sch\u00fclerinnen und Sch\u00fcler der Oberstufe unter der Leitung und <a class=\"more-link\" href=\"https:\/\/bos-scheyern.de\/bo\/?p=5088\">weiterlesen<span class=\"screen-reader-text\">Impressionen von der 5. Hausmesse in Scheyern: Duale Studieng\u00e4nge &#038; berufliche Perspektiven<\/span><span class=\"meta-nav\">\u2192<\/span><\/a><\/p>\n","protected":false},"author":14,"featured_media":5089,"comment_status":"closed","ping_status":"closed","sticky":false,"template":"","format":"standard","meta":[],"categories":[11],"tags":[],"_links":{"self":[{"href":"https:\/\/bos-scheyern.de\/bo\/index.php?rest_route=\/wp\/v2\/posts\/5088"}],"collection":[{"href":"https:\/\/bos-scheyern.de\/bo\/index.php?rest_route=\/wp\/v2\/posts"}],"about":[{"href":"https:\/\/bos-scheyern.de\/bo\/index.php?rest_route=\/wp\/v2\/types\/post"}],"author":[{"embeddable":true,"href":"https:\/\/bos-scheyern.de\/bo\/index.php?rest_route=\/wp\/v2\/users\/14"}],"replies":[{"embeddable":true,"href":"https:\/\/bos-scheyern.de\/bo\/index.php?rest_route=%2Fwp%2Fv2%2Fcomments&post=5088"}],"version-history":[{"count":3,"href":"https:\/\/bos-scheyern.de\/bo\/index.php?rest_route=\/wp\/v2\/posts\/5088\/revisions"}],"predecessor-version":[{"id":5097,"href":"https:\/\/bos-scheyern.de\/bo\/index.php?rest_route=\/wp\/v2\/posts\/5088\/revisions\/5097"}],"wp:featuredmedia":[{"embeddable":true,"href":"https:\/\/bos-scheyern.de\/bo\/index.php?rest_route=\/wp\/v2\/media\/5089"}],"wp:attachment":[{"href":"https:\/\/bos-scheyern.de\/bo\/index.php?rest_route=%2Fwp%2Fv2%2Fmedia&parent=5088"}],"wp:term":[{"taxonomy":"category","embeddable":true,"href":"https:\/\/bos-scheyern.de\/bo\/index.php?rest_route=%2Fwp%2Fv2%2Fcategories&post=5088"},{"taxonomy":"post_tag","embeddable":true,"href":"https:\/\/bos-scheyern.de\/bo\/index.php?rest_route=%2Fwp%2Fv2%2Ftags&post=5088"}],"curies":[{"name":"wp","href":"https:\/\/api.w.org\/{rel}","templated":true}]}}