{"id":5250,"date":"2023-01-27T12:01:06","date_gmt":"2023-01-27T11:01:06","guid":{"rendered":"https:\/\/bos-scheyern.de\/bo\/?p=5250"},"modified":"2023-01-27T12:04:29","modified_gmt":"2023-01-27T11:04:29","slug":"60-jahre-elysee-vertrag-aktion-zum-deutsch-franzoesischen-tag","status":"publish","type":"post","link":"https:\/\/bos-scheyern.de\/bo\/?p=5250","title":{"rendered":"60 Jahre \u00c9lys\u00e9e-Vertrag: Aktion zum Deutsch-Franz\u00f6sischen Tag"},"content":{"rendered":"\n<figure class=\"wp-block-image size-large\"><img loading=\"lazy\" width=\"1024\" height=\"683\" src=\"https:\/\/bos-scheyern.de\/bo\/wp-content\/uploads\/2023\/01\/Foto-dt-franz-Tag-1024x683.jpg\" alt=\"\" class=\"wp-image-5252\" srcset=\"https:\/\/bos-scheyern.de\/bo\/wp-content\/uploads\/2023\/01\/Foto-dt-franz-Tag-1024x683.jpg 1024w, https:\/\/bos-scheyern.de\/bo\/wp-content\/uploads\/2023\/01\/Foto-dt-franz-Tag-300x200.jpg 300w, https:\/\/bos-scheyern.de\/bo\/wp-content\/uploads\/2023\/01\/Foto-dt-franz-Tag-768x512.jpg 768w, https:\/\/bos-scheyern.de\/bo\/wp-content\/uploads\/2023\/01\/Foto-dt-franz-Tag-1536x1024.jpg 1536w, https:\/\/bos-scheyern.de\/bo\/wp-content\/uploads\/2023\/01\/Foto-dt-franz-Tag-2048x1365.jpg 2048w\" sizes=\"(max-width: 1024px) 100vw, 1024px\" \/><\/figure>\n\n\n\n<p>Der \u201eDeutsch-Franz\u00f6sische Tag\u201c, 2003 von Jacques Chirac und Gerhard Schr\u00f6der ins Leben gerufen, erinnert seither in beiden L\u00e4ndern an jedem 22. Januar an die Bedeutung von Auss\u00f6hnung und Freundschaft nach den verheerenden Kriegen des 19. und 20. Jahrhunderts.<\/p>\n\n\n\n<p>An der FOSBOS Scheyern wurde der Deutsch-Franz\u00f6sische Tag dieses Jahr im Rahmen eines Verkaufs von franz\u00f6sischen Spezialit\u00e4ten wie selbstgebackenen Quiches, Croissants und Madeleines gefeiert. Sobald die Bestellung auf Franz\u00f6sisch erfolgte (dank Beispiels\u00e4tzen auch f\u00fcr Nicht-Franz\u00f6sischsprecher m\u00f6glich), konnte man die Leckereien zu einem g\u00fcnstigeren Preis erwerben. Auch mit <em>fromage<\/em> (dt. K\u00e4se) und <em>jambon<\/em> (dt. Schinken) belegte Baguettes durften nicht fehlen, denn das franz\u00f6sische Baguette, das der franz\u00f6sische Pr\u00e4sident Emmanuel Macron als \u201e250 grammes de magie et de perfection\u201c<a href=\"#_ftn1\">[1]<\/a> beschrieb, ist seit 30.11.2022 sogar immaterielles UNESCO Weltkulturerbe!<\/p>\n\n\n\n<p>Vor nunmehr 60 Jahren verpflichteten sich Frankreich und Deutschland im Rahmen des \u00c9lys\u00e9e-Vertrags zu regelm\u00e4\u00dfigem Austausch, enger Absprache bei Au\u00dfen-, Europa- und Verteidigungspolitik und zu intensivem Jugendaustausch. Die einzelnen Stationen zur gegenseitigen Ann\u00e4herung der beiden L\u00e4nder wurden bildlich auf einer Stellwand dargestellt. Mit einem Quiz konnten die Sch\u00fclerinnen und Sch\u00fcler ihr Wissen zur Geschichte und Kultur des Landes abpr\u00fcfen; den schnellsten drei Teilnehmern mit den dazu noch richtigen Antworten winkten franz\u00f6sische \u00dcberraschungspreise.<\/p>\n\n\n\n<p>Insgesamt konnten durch den Pausenverkauf unserer AG \u201e<em>Schule ohne Rassismus \u2013 Schule mit Courage\u201c<\/em> <strong>300 Euro<\/strong> an die Organisation <em>Volksbund Deutsche Kriegsgr\u00e4berf\u00fcrsorge <\/em>gespendet werden, die sich seit 1919 um die Gr\u00e4ber der Opfer von Krieg und Gewaltherrschaft k\u00fcmmert. Die Arbeit des Volksbunds tr\u00e4gt insbesondere dazu bei, die Erinnerung an die Schatten der deutsch-franz\u00f6sischen Vergangenheit aufrechtzuerhalten.<\/p>\n\n\n\n<p>Bis zum n\u00e4chsten Mal\/ <em>\u00e0 la prochaine<\/em>!<\/p>\n\n\n\n<p><em>\u201eSchule ohne Rassismus-Schule mit Courage\u201c AG mit Patrizia Thalmeier und Sabine Thielitz<\/em><\/p>\n\n\n\n<p><em>Teresa Leinfelder, Ansprechpartnerin Franz\u00f6sisch<\/em><\/p>\n\n\n\n<p><em>Anna Schmitt, Politik und Gesellschaft<\/em><\/p>\n\n\n\n<p><\/p>\n\n\n\n<p>Text: Teresa Leinfelder, StRin<\/p>\n\n\n\n<p>Foto: Johanna Reitinger, StRin<\/p>\n\n\n\n<hr class=\"wp-block-separator\"\/>\n\n\n\n<p><a href=\"#_ftnref1\">[1]<\/a> https:\/\/www.upday.com\/fr\/la-baguette-inscrite-a-lunesco-le-couple-macron-a-washington-ce-quil-ne (24.01.2023)<\/p>\n","protected":false},"excerpt":{"rendered":"<p>Der \u201eDeutsch-Franz\u00f6sische Tag\u201c, 2003 von Jacques Chirac und Gerhard Schr\u00f6der ins Leben gerufen, erinnert seither in beiden L\u00e4ndern an jedem 22. Januar an die Bedeutung von Auss\u00f6hnung und Freundschaft nach <a class=\"more-link\" href=\"https:\/\/bos-scheyern.de\/bo\/?p=5250\">weiterlesen<span class=\"screen-reader-text\">60 Jahre \u00c9lys\u00e9e-Vertrag: Aktion zum Deutsch-Franz\u00f6sischen Tag<\/span><span class=\"meta-nav\">\u2192<\/span><\/a><\/p>\n","protected":false},"author":14,"featured_media":5252,"comment_status":"closed","ping_status":"closed","sticky":false,"template":"","format":"standard","meta":[],"categories":[11],"tags":[],"_links":{"self":[{"href":"https:\/\/bos-scheyern.de\/bo\/index.php?rest_route=\/wp\/v2\/posts\/5250"}],"collection":[{"href":"https:\/\/bos-scheyern.de\/bo\/index.php?rest_route=\/wp\/v2\/posts"}],"about":[{"href":"https:\/\/bos-scheyern.de\/bo\/index.php?rest_route=\/wp\/v2\/types\/post"}],"author":[{"embeddable":true,"href":"https:\/\/bos-scheyern.de\/bo\/index.php?rest_route=\/wp\/v2\/users\/14"}],"replies":[{"embeddable":true,"href":"https:\/\/bos-scheyern.de\/bo\/index.php?rest_route=%2Fwp%2Fv2%2Fcomments&post=5250"}],"version-history":[{"count":4,"href":"https:\/\/bos-scheyern.de\/bo\/index.php?rest_route=\/wp\/v2\/posts\/5250\/revisions"}],"predecessor-version":[{"id":5255,"href":"https:\/\/bos-scheyern.de\/bo\/index.php?rest_route=\/wp\/v2\/posts\/5250\/revisions\/5255"}],"wp:featuredmedia":[{"embeddable":true,"href":"https:\/\/bos-scheyern.de\/bo\/index.php?rest_route=\/wp\/v2\/media\/5252"}],"wp:attachment":[{"href":"https:\/\/bos-scheyern.de\/bo\/index.php?rest_route=%2Fwp%2Fv2%2Fmedia&parent=5250"}],"wp:term":[{"taxonomy":"category","embeddable":true,"href":"https:\/\/bos-scheyern.de\/bo\/index.php?rest_route=%2Fwp%2Fv2%2Fcategories&post=5250"},{"taxonomy":"post_tag","embeddable":true,"href":"https:\/\/bos-scheyern.de\/bo\/index.php?rest_route=%2Fwp%2Fv2%2Ftags&post=5250"}],"curies":[{"name":"wp","href":"https:\/\/api.w.org\/{rel}","templated":true}]}}