{"id":5323,"date":"2023-03-07T15:54:54","date_gmt":"2023-03-07T14:54:54","guid":{"rendered":"https:\/\/bos-scheyern.de\/bo\/?p=5323"},"modified":"2023-03-07T15:57:30","modified_gmt":"2023-03-07T14:57:30","slug":"die-stachelbaeren-zu-gast-an-der-fosbos-scheyern","status":"publish","type":"post","link":"https:\/\/bos-scheyern.de\/bo\/?p=5323","title":{"rendered":"Die \u201eStachelb\u00e4ren\u201c zu Gast an der FOSBOS Scheyern"},"content":{"rendered":"\n<figure class=\"wp-block-image size-large is-resized\"><img loading=\"lazy\" src=\"https:\/\/bos-scheyern.de\/bo\/wp-content\/uploads\/2023\/03\/Stachelbaeren-779x1024.jpg\" alt=\"\" class=\"wp-image-5324\" width=\"584\" height=\"768\"\/><\/figure>\n\n\n\n<p>Am Mittwoch, den 1. M\u00e4rz 2023, durfte die Berufliche Oberschule Scheyern die \u00fcber die Landkreisgrenzen hinaus bekannte Kabarettgruppe \u201eDie Stachelb\u00e4ren\u201c bei sich zu einem lang ersehnten Auftritt begr\u00fc\u00dfen.<\/p>\n\n\n\n<p>Die Gruppe, die mittlerweile ihr 40j\u00e4hriges erfolgreiches B\u00fchnenjubil\u00e4um feiern konnte, hat seit dem Schuljahr 2019\/20 mit gro\u00dfer Bereitschaft die Patenschaft f\u00fcr die Teilnahme der FOSBOS Scheyern an dem deutschlandweiten Netzwerk \u201eSchule ohne Rassismus, Schule mit Courage\u201c \u00fcbernommen, um sich f\u00fcr ein tolerantes und respektvolles Miteinander einzusetzen. Von Beginn an war daher auch ein Auftritt vor der Sch\u00fclerschaft geplant, der jedoch aufgrund der bald darauf einsetzenden Corona-Pandemie lange nicht umgesetzt werden konnte. Umso mehr freute es nun alle Beteiligten, dass die Sch\u00fcler der 12. und 13. Klassen im Wittelsbacher Saal des Klosters Scheyern anstelle des \u00fcblichen Nachmittagsunterrichts eine Kostprobe aus dem breitgef\u00e4cherten kabarettistischen Repertoire der \u201eStachelb\u00e4ren\u201c erhalten konnten.<\/p>\n\n\n\n<p>Zwar aus terminlichen Gr\u00fcnden mit einem Mitglied weniger, aber nicht um Humor und Witz \u00e4rmer unterhielt die Gruppe ihre Zuh\u00f6rer mit einem facettenreichen Programm. Dabei wurden viele aktuelle gesellschaftliche und kulturelle Entwicklungen aufgegriffen und auf satirische Weise hinterfragt. Besonders das humorvolle Spiel mit althergebrachten Rollenklischees und den verschiedenen Facetten der interkulturellen Begegnung standen neben den in der modernen Gesellschaft grassierenden \u00fcbersteigerten K\u00f6rperidealen im Mittelpunkt des Programms. Auch das viel debattierte Gendersternchen und die kontrovers diskutierten Aspekte kultureller Aneignung wurden thematisiert. Neben vielen Sketchen fanden die vier Kabarettist*innen dabei zwischenzeitlich auch Gelegenheit zu etwas ernsteren T\u00f6nen, um ihre Zuh\u00f6rerschaft zum Nachdenken anzuregen.<\/p>\n\n\n\n<p>Ihre Gage f\u00fcr diesen Auftritt haben die \u201eStachelb\u00e4ren\u201c dankenswerterweise der von Sch\u00fclerinnen der FOSBOS Scheyern in Kooperation mit dem Deutschen Roten Kreuz organisierten Spendenaktion f\u00fcr die Erdbebenopfer in der T\u00fcrkei und Syrien zukommen lassen.<\/p>\n","protected":false},"excerpt":{"rendered":"<p>Am Mittwoch, den 1. M\u00e4rz 2023, durfte die Berufliche Oberschule Scheyern die \u00fcber die Landkreisgrenzen hinaus bekannte Kabarettgruppe \u201eDie Stachelb\u00e4ren\u201c bei sich zu einem lang ersehnten Auftritt begr\u00fc\u00dfen. Die Gruppe, <a class=\"more-link\" href=\"https:\/\/bos-scheyern.de\/bo\/?p=5323\">weiterlesen<span class=\"screen-reader-text\">Die \u201eStachelb\u00e4ren\u201c zu Gast an der FOSBOS Scheyern<\/span><span class=\"meta-nav\">\u2192<\/span><\/a><\/p>\n","protected":false},"author":14,"featured_media":5324,"comment_status":"closed","ping_status":"closed","sticky":false,"template":"","format":"standard","meta":[],"categories":[11],"tags":[],"_links":{"self":[{"href":"https:\/\/bos-scheyern.de\/bo\/index.php?rest_route=\/wp\/v2\/posts\/5323"}],"collection":[{"href":"https:\/\/bos-scheyern.de\/bo\/index.php?rest_route=\/wp\/v2\/posts"}],"about":[{"href":"https:\/\/bos-scheyern.de\/bo\/index.php?rest_route=\/wp\/v2\/types\/post"}],"author":[{"embeddable":true,"href":"https:\/\/bos-scheyern.de\/bo\/index.php?rest_route=\/wp\/v2\/users\/14"}],"replies":[{"embeddable":true,"href":"https:\/\/bos-scheyern.de\/bo\/index.php?rest_route=%2Fwp%2Fv2%2Fcomments&post=5323"}],"version-history":[{"count":2,"href":"https:\/\/bos-scheyern.de\/bo\/index.php?rest_route=\/wp\/v2\/posts\/5323\/revisions"}],"predecessor-version":[{"id":5327,"href":"https:\/\/bos-scheyern.de\/bo\/index.php?rest_route=\/wp\/v2\/posts\/5323\/revisions\/5327"}],"wp:featuredmedia":[{"embeddable":true,"href":"https:\/\/bos-scheyern.de\/bo\/index.php?rest_route=\/wp\/v2\/media\/5324"}],"wp:attachment":[{"href":"https:\/\/bos-scheyern.de\/bo\/index.php?rest_route=%2Fwp%2Fv2%2Fmedia&parent=5323"}],"wp:term":[{"taxonomy":"category","embeddable":true,"href":"https:\/\/bos-scheyern.de\/bo\/index.php?rest_route=%2Fwp%2Fv2%2Fcategories&post=5323"},{"taxonomy":"post_tag","embeddable":true,"href":"https:\/\/bos-scheyern.de\/bo\/index.php?rest_route=%2Fwp%2Fv2%2Ftags&post=5323"}],"curies":[{"name":"wp","href":"https:\/\/api.w.org\/{rel}","templated":true}]}}