{"id":5386,"date":"2023-04-17T16:04:10","date_gmt":"2023-04-17T14:04:10","guid":{"rendered":"https:\/\/bos-scheyern.de\/bo\/?p=5386"},"modified":"2023-04-20T13:59:08","modified_gmt":"2023-04-20T11:59:08","slug":"workshop-im-rahmen-der-wochen-gegen-rassismus-an-der-fosbos-scheyern","status":"publish","type":"post","link":"https:\/\/bos-scheyern.de\/bo\/?p=5386","title":{"rendered":"Workshop im Rahmen der \u201eWochen gegen Rassismus\u201c an der FOSBOS Scheyern"},"content":{"rendered":"\n<figure class=\"wp-block-image size-full\"><img src=\"https:\/\/bos-scheyern.de\/bo\/wp-content\/uploads\/2023\/04\/bearbeitet13.png\" alt=\"\" class=\"wp-image-5401\"\/><\/figure>\n\n\n\n<p>Am Freitag, den 31.03.2023, fand an der Beruflichen Oberschule Scheyern, die sich als \u201eSchule ohne Rassismus, Schule mit Courage\u201c gegen Ausgrenzungen und Diskriminierungen jeder Art engagiert, im Rahmen der derzeitigen \u201eWochen gegen Rassismus\u201c ein Workshop zu den Themen Demokratie und Alltagsrassismus statt. Dazu wurde in Kooperation mit der Integrationsbeauftragen Frau Nevilla Saja-Seefried vom Landratsamt Pfaffenhofen die externe Referentin Frau Mathilda Legitimus-Schleicher eingeladen, die sich in vielen Bereichen f\u00fcr die bessere Integration der <em>people of colour<\/em> in der Bundesrepublik und besonders in Bayern einsetzt.<\/p>\n\n\n\n<p>Diese f\u00fchrte mit den beiden Vorklassen der Fach- und Berufsoberschule einen interaktiven Workshop durch, in welchem sich die Sch\u00fclerinnen und Sch\u00fcler mit dem sensiblen und facettenreichen Thema des Alltagsrassismus kritisch auseinandersetzten. Die Referentin, die selbst seit 1979 in Deutschland lebt, beleuchtete das Ph\u00e4nomen aus mehreren Perspektiven.<\/p>\n\n\n\n<p>Die Sch\u00fclerinnen und Sch\u00fcler wurden bereits vorab anhand vielf\u00e4ltiger Materialien und Lernvideos f\u00fcr die Thematik sensibilisiert und hatten nun w\u00e4hrend des Workshops die Gelegenheit, Fragen zu stellen sowie sowohl mit der Referentin als auch miteinander ins Gespr\u00e4ch zu kommen.<\/p>\n\n\n\n<p>Nach einer kurzen Vorstellungsrunde, erarbeitete Frau Legitimus-Schleicher gemeinsam mit den Sch\u00fclerinnen und Sch\u00fclern die Merkmale und Vorz\u00fcge eines demokratischen Systems und erl\u00e4uterte, weshalb unsere <strong>Demokratie<\/strong> so wertvoll und sch\u00fctzenswert ist.<\/p>\n\n\n\n<p>Des Weiteren wurde anhand einer Gruppenarbeit verdeutlicht, dass unsere Gesellschaft sehr viel Wert auf <strong>Gleichheit und Gleichberechtigung<\/strong> legt, dabei jedoch oftmals die Dimension der <strong>Gerechtigkeit<\/strong> aus den Augen verloren wird. Die Referentin legte dazu zwei Bilder vor, die Tiere und Menschen zeigten, denen man zwar die gleiche Aufgabe gestellt hatte, die jedoch aufgrund ihrer jeweiligen Konstitution sehr unterschiedliche Ausgangsbedingungen mitbrachten. Die Aufgabe war somit zwar f\u00fcr alle gleich, von Gerechtigkeit konnte jedoch keine Rede sein. In differenziert argumentierten Ausf\u00fchrungen legten die Sch\u00fclerinnen und Sch\u00fcler dar, dass sich diese Erfahrungen durchaus auch im Bildungssystem oder im Alltag wiederfinden lassen. Oftmals ist im Leben Zivilcourage und Verst\u00e4ndnis f\u00fcreinander gefragt, um gemeinsam Aufgaben l\u00f6sen zu k\u00f6nnen bzw. um die Gesellschaft f\u00fcr alle m\u00f6glichst gerecht zu gestalten.<\/p>\n\n\n\n<p>Eine weitere kreative Aufgabe von Frau Legitimus-Schleicher fokussierte sich auf die Veranschaulichung der <strong>Pr\u00e4gung<\/strong> eines jeden Menschen im Hinblick auf bestimmte gesellschaftliche Konstrukte. In zwei verschiedenen Gruppen, die jeweils auf ein anderes Bild \u201egepr\u00e4gt\u201c wurden, sollten die Kursteilnehmer*innen anschlie\u00dfend Bilder zeichnen, bei denen das urspr\u00fcngliche Bild mit einem weiteren verschmilzt. Das Ergebnis \u00e4hnelte \u00fcberraschenderweise immer dem Bild, auf das man urspr\u00fcnglich gepr\u00e4gt worden war. Mit diesem Sozialexperiment konnte verdeutlicht werden, dass Pr\u00e4gung oftmals unbewusst im allt\u00e4glichen Leben stattfindet, eben auch im gesellschaftlichen Bereich. Dies bildet jedoch die Ausgangsbasis f\u00fcr Ausgrenzung, Diskriminierung und Rassismus. Sich dieser Pr\u00e4gung auf ein bestimmtes Menschenbild bzw. auf bestimmte \u00c4u\u00dferlichkeiten bewusst zu werden, ist der erste Schritt, sich mit seiner eigenen \u201erassistisch beeinflussten Sozialisation\u201c kritisch auseinanderzusetzen und daran zu arbeiten, diese durch Pr\u00e4gung oft unbewusst erworbenen Muster aufzubrechen.<\/p>\n\n\n\n<p>Der Workshop endete mit einem sehr <strong>reflektierten Vortrag<\/strong> zur Verwurzelung eben solcher rassistischen Konstrukte in unserer Gesellschaft. Allein die Frage \u201eWoher kommst du eigentlich?\u201c beinhaltet f\u00fcr viele verdeckt die Intention \u201eWarum bist du hier und wann gehst du wieder?\u201c, was bei den Betroffenen ein sehr unangenehmes Gef\u00fchl des Unerw\u00fcnschtseins erzeugen kann. Frau Legitimus-Schleicher appellierte daher an alle Kursteilnehmer*innen, die gemeinsame Zukunft bewusster und diskriminierungsfreier zu gestalten. Dies kann nur gelingen, wenn wir die Demokratie und ihre Vorteile zu sch\u00e4tzen wissen, uns um unsere Mitmenschen k\u00fcmmern und jeden so akzeptieren wie er oder sie ist!<\/p>\n\n\n\n<p>Der Workshop war ein weiterer Bestandteil der vielfachen Aktivit\u00e4ten der AG \u201eSchule ohne Rassismus, Schule mit Courage\u201c, die in diesem Jahr bereits neben den vier Adventsimpulsen, eine Spendenaktion f\u00fcr die Ukraine-Hilfe sowie den Auftritt ihrer Paten, der Kabarettgruppe \u201eDie Stachelb\u00e4ren\u201c, realisieren konnte.<\/p>\n","protected":false},"excerpt":{"rendered":"<p>Am Freitag, den 31.03.2023, fand an der Beruflichen Oberschule Scheyern, die sich als \u201eSchule ohne Rassismus, Schule mit Courage\u201c gegen Ausgrenzungen und Diskriminierungen jeder Art engagiert, im Rahmen der derzeitigen <a class=\"more-link\" href=\"https:\/\/bos-scheyern.de\/bo\/?p=5386\">weiterlesen<span class=\"screen-reader-text\">Workshop im Rahmen der \u201eWochen gegen Rassismus\u201c an der FOSBOS Scheyern<\/span><span class=\"meta-nav\">\u2192<\/span><\/a><\/p>\n","protected":false},"author":14,"featured_media":5401,"comment_status":"closed","ping_status":"closed","sticky":false,"template":"","format":"standard","meta":[],"categories":[11],"tags":[],"_links":{"self":[{"href":"https:\/\/bos-scheyern.de\/bo\/index.php?rest_route=\/wp\/v2\/posts\/5386"}],"collection":[{"href":"https:\/\/bos-scheyern.de\/bo\/index.php?rest_route=\/wp\/v2\/posts"}],"about":[{"href":"https:\/\/bos-scheyern.de\/bo\/index.php?rest_route=\/wp\/v2\/types\/post"}],"author":[{"embeddable":true,"href":"https:\/\/bos-scheyern.de\/bo\/index.php?rest_route=\/wp\/v2\/users\/14"}],"replies":[{"embeddable":true,"href":"https:\/\/bos-scheyern.de\/bo\/index.php?rest_route=%2Fwp%2Fv2%2Fcomments&post=5386"}],"version-history":[{"count":2,"href":"https:\/\/bos-scheyern.de\/bo\/index.php?rest_route=\/wp\/v2\/posts\/5386\/revisions"}],"predecessor-version":[{"id":5403,"href":"https:\/\/bos-scheyern.de\/bo\/index.php?rest_route=\/wp\/v2\/posts\/5386\/revisions\/5403"}],"wp:featuredmedia":[{"embeddable":true,"href":"https:\/\/bos-scheyern.de\/bo\/index.php?rest_route=\/wp\/v2\/media\/5401"}],"wp:attachment":[{"href":"https:\/\/bos-scheyern.de\/bo\/index.php?rest_route=%2Fwp%2Fv2%2Fmedia&parent=5386"}],"wp:term":[{"taxonomy":"category","embeddable":true,"href":"https:\/\/bos-scheyern.de\/bo\/index.php?rest_route=%2Fwp%2Fv2%2Fcategories&post=5386"},{"taxonomy":"post_tag","embeddable":true,"href":"https:\/\/bos-scheyern.de\/bo\/index.php?rest_route=%2Fwp%2Fv2%2Ftags&post=5386"}],"curies":[{"name":"wp","href":"https:\/\/api.w.org\/{rel}","templated":true}]}}