{"id":5467,"date":"2023-07-10T15:14:51","date_gmt":"2023-07-10T13:14:51","guid":{"rendered":"https:\/\/bos-scheyern.de\/bo\/?p=5467"},"modified":"2023-07-10T15:25:16","modified_gmt":"2023-07-10T13:25:16","slug":"studienfahrt-in-die-europastadt-frankfurt-am-main","status":"publish","type":"post","link":"https:\/\/bos-scheyern.de\/bo\/?p=5467","title":{"rendered":"Studienfahrt in die Europastadt Frankfurt am Main"},"content":{"rendered":"\n<figure class=\"wp-block-image size-large\"><img loading=\"lazy\" width=\"1024\" height=\"523\" src=\"https:\/\/bos-scheyern.de\/bo\/wp-content\/uploads\/2023\/07\/Frankfurtfahrt_Homepage_Foto2-scaled-e1688994626494-1024x523.jpg\" alt=\"\" class=\"wp-image-5468\" srcset=\"https:\/\/bos-scheyern.de\/bo\/wp-content\/uploads\/2023\/07\/Frankfurtfahrt_Homepage_Foto2-scaled-e1688994626494-1024x523.jpg 1024w, https:\/\/bos-scheyern.de\/bo\/wp-content\/uploads\/2023\/07\/Frankfurtfahrt_Homepage_Foto2-scaled-e1688994626494-300x153.jpg 300w, https:\/\/bos-scheyern.de\/bo\/wp-content\/uploads\/2023\/07\/Frankfurtfahrt_Homepage_Foto2-scaled-e1688994626494-768x392.jpg 768w, https:\/\/bos-scheyern.de\/bo\/wp-content\/uploads\/2023\/07\/Frankfurtfahrt_Homepage_Foto2-scaled-e1688994626494-1536x784.jpg 1536w, https:\/\/bos-scheyern.de\/bo\/wp-content\/uploads\/2023\/07\/Frankfurtfahrt_Homepage_Foto2-scaled-e1688994626494-2048x1046.jpg 2048w\" sizes=\"(max-width: 1024px) 100vw, 1024px\" \/><\/figure>\n\n\n\n<p>Am fr\u00fchen Morgen des 19. Juni 2023 brachen zw\u00f6lf Sch\u00fclerinnen und Sch\u00fcler der 12. und 13. Klassen der FOSBOS Scheyern mit Frau Schrader und Frau Leinfelder im ICE nach Frankfurt am Main auf.<\/p>\n\n\n\n<p>Die durch Erasmus+ Restgelder finanzierte Studienfahrt begann mit einem Besuch des <em>Main Towers<\/em>, dessen Aussichtsplattform einen faszinierenden Panoramablick auf die ber\u00fchmte Frankfurter Skyline und den Main bietet. Am sp\u00e4ten Nachmittag wurden unserer Gruppe im Rahmen einer Stadtf\u00fchrung die Kontraste der Gro\u00dfstadt n\u00e4hergebracht \u2013 vom Bahnhofsviertel \u00fcber die gl\u00e4sernen Tower der Finanzwelt bis hin zur historischen Altstadt mit ihren Fachwerkh\u00e4usern. Anschlie\u00dfend lie\u00dfen wir den hei\u00dfen Sommertag mit einem gemeinsamen Abendessen ausklingen.<\/p>\n\n\n\n<p>Der zweite Tag in der Europastadt begann f\u00fcr uns mit einer gef\u00fchrten Besichtigung des Visitor Centers der Europ\u00e4ischen Zentralbank. Dort erhielten wir interessante Einblicke in die Aufgaben der EZB und durften einen Blick in den Raum der offiziellen Pressekonferenzen werfen. Gleich im Anschluss besichtigte unsere Gruppe das Besucherzentrum der Frankfurter Wertpapierb\u00f6rse, in dem wir sogar das Live-Geschehen im Handelssaal aus der Ferne mitbeobachten durften. Ein letztes Highlight stellte unsere Schifffahrt auf dem Main dar, die uns neue Perspektiven auf Frankfurt er\u00f6ffnete.<\/p>\n\n\n\n<p>Insgesamt haben wir diese Gro\u00dfstadt als internationale, facettenreiche Metropole kennengelernt, die mehr ist als nur Bahnhofsviertel und \u201eMainhattan\u201c und deren zentrale Rolle f\u00fcr die Europ\u00e4ische Union mehr Aufmerksamkeit verdient.<\/p>\n\n\n\n<div style=\"height:20px\" aria-hidden=\"true\" class=\"wp-block-spacer\"><\/div>\n\n\n\n<p>Text: Nina Schrader, StRin \/ Teresa Leinfelder, StRin<\/p>\n\n\n\n<div class=\"wp-block-image\"><figure class=\"alignright size-full\"><img loading=\"lazy\" width=\"279\" height=\"61\" src=\"https:\/\/bos-scheyern.de\/bo\/wp-content\/uploads\/2023\/07\/grafik.png\" alt=\"\" class=\"wp-image-5469\"\/><\/figure><\/div>\n","protected":false},"excerpt":{"rendered":"<p>Am fr\u00fchen Morgen des 19. Juni 2023 brachen zw\u00f6lf Sch\u00fclerinnen und Sch\u00fcler der 12. und 13. Klassen der FOSBOS Scheyern mit Frau Schrader und Frau Leinfelder im ICE nach Frankfurt <a class=\"more-link\" href=\"https:\/\/bos-scheyern.de\/bo\/?p=5467\">weiterlesen<span class=\"screen-reader-text\">Studienfahrt in die Europastadt Frankfurt am Main<\/span><span class=\"meta-nav\">\u2192<\/span><\/a><\/p>\n","protected":false},"author":14,"featured_media":5468,"comment_status":"closed","ping_status":"closed","sticky":false,"template":"","format":"standard","meta":[],"categories":[11],"tags":[],"_links":{"self":[{"href":"https:\/\/bos-scheyern.de\/bo\/index.php?rest_route=\/wp\/v2\/posts\/5467"}],"collection":[{"href":"https:\/\/bos-scheyern.de\/bo\/index.php?rest_route=\/wp\/v2\/posts"}],"about":[{"href":"https:\/\/bos-scheyern.de\/bo\/index.php?rest_route=\/wp\/v2\/types\/post"}],"author":[{"embeddable":true,"href":"https:\/\/bos-scheyern.de\/bo\/index.php?rest_route=\/wp\/v2\/users\/14"}],"replies":[{"embeddable":true,"href":"https:\/\/bos-scheyern.de\/bo\/index.php?rest_route=%2Fwp%2Fv2%2Fcomments&post=5467"}],"version-history":[{"count":2,"href":"https:\/\/bos-scheyern.de\/bo\/index.php?rest_route=\/wp\/v2\/posts\/5467\/revisions"}],"predecessor-version":[{"id":5474,"href":"https:\/\/bos-scheyern.de\/bo\/index.php?rest_route=\/wp\/v2\/posts\/5467\/revisions\/5474"}],"wp:featuredmedia":[{"embeddable":true,"href":"https:\/\/bos-scheyern.de\/bo\/index.php?rest_route=\/wp\/v2\/media\/5468"}],"wp:attachment":[{"href":"https:\/\/bos-scheyern.de\/bo\/index.php?rest_route=%2Fwp%2Fv2%2Fmedia&parent=5467"}],"wp:term":[{"taxonomy":"category","embeddable":true,"href":"https:\/\/bos-scheyern.de\/bo\/index.php?rest_route=%2Fwp%2Fv2%2Fcategories&post=5467"},{"taxonomy":"post_tag","embeddable":true,"href":"https:\/\/bos-scheyern.de\/bo\/index.php?rest_route=%2Fwp%2Fv2%2Ftags&post=5467"}],"curies":[{"name":"wp","href":"https:\/\/api.w.org\/{rel}","templated":true}]}}