{"id":5473,"date":"2023-07-10T15:34:37","date_gmt":"2023-07-10T13:34:37","guid":{"rendered":"https:\/\/bos-scheyern.de\/bo\/?p=5473"},"modified":"2023-07-14T22:50:35","modified_gmt":"2023-07-14T20:50:35","slug":"abiturfeier-an-der-fosbos-scheyern","status":"publish","type":"post","link":"https:\/\/bos-scheyern.de\/bo\/?p=5473","title":{"rendered":"Abiturfeier an der FOSBOS Scheyern"},"content":{"rendered":"\n<figure class=\"wp-block-gallery columns-2 is-cropped\"><ul class=\"blocks-gallery-grid\"><li class=\"blocks-gallery-item\"><figure><a href=\"https:\/\/bos-scheyern.de\/bo\/wp-content\/uploads\/2023\/07\/Abiturfeier-2-scaled-e1688995930871.jpg\"><img loading=\"lazy\" width=\"1024\" height=\"737\" src=\"https:\/\/bos-scheyern.de\/bo\/wp-content\/uploads\/2023\/07\/Abiturfeier-2-scaled-e1688995930871-1024x737.jpg\" alt=\"\" data-id=\"5476\" data-full-url=\"https:\/\/bos-scheyern.de\/bo\/wp-content\/uploads\/2023\/07\/Abiturfeier-2-scaled-e1688995930871.jpg\" data-link=\"https:\/\/bos-scheyern.de\/bo\/?attachment_id=5476\" class=\"wp-image-5476\" srcset=\"https:\/\/bos-scheyern.de\/bo\/wp-content\/uploads\/2023\/07\/Abiturfeier-2-scaled-e1688995930871-1024x737.jpg 1024w, https:\/\/bos-scheyern.de\/bo\/wp-content\/uploads\/2023\/07\/Abiturfeier-2-scaled-e1688995930871-300x216.jpg 300w, https:\/\/bos-scheyern.de\/bo\/wp-content\/uploads\/2023\/07\/Abiturfeier-2-scaled-e1688995930871-768x553.jpg 768w, https:\/\/bos-scheyern.de\/bo\/wp-content\/uploads\/2023\/07\/Abiturfeier-2-scaled-e1688995930871-1536x1105.jpg 1536w, https:\/\/bos-scheyern.de\/bo\/wp-content\/uploads\/2023\/07\/Abiturfeier-2-scaled-e1688995930871-2048x1474.jpg 2048w\" sizes=\"(max-width: 1024px) 100vw, 1024px\" \/><\/a><figcaption class=\"blocks-gallery-item__caption\">Die ausgezeichneten Sch\u00fclerinnen und Sch\u00fcler zusammen mit Vertretern der Schule und Ehreng\u00e4sten<\/figcaption><\/figure><\/li><li class=\"blocks-gallery-item\"><figure><a href=\"https:\/\/bos-scheyern.de\/bo\/wp-content\/uploads\/2023\/07\/Abiturfeier-1-scaled.jpg\"><img loading=\"lazy\" width=\"1024\" height=\"683\" src=\"https:\/\/bos-scheyern.de\/bo\/wp-content\/uploads\/2023\/07\/Abiturfeier-1-1024x683.jpg\" alt=\"\" data-id=\"5475\" data-full-url=\"https:\/\/bos-scheyern.de\/bo\/wp-content\/uploads\/2023\/07\/Abiturfeier-1-scaled.jpg\" data-link=\"https:\/\/bos-scheyern.de\/bo\/?attachment_id=5475\" class=\"wp-image-5475\" srcset=\"https:\/\/bos-scheyern.de\/bo\/wp-content\/uploads\/2023\/07\/Abiturfeier-1-1024x683.jpg 1024w, https:\/\/bos-scheyern.de\/bo\/wp-content\/uploads\/2023\/07\/Abiturfeier-1-300x200.jpg 300w, https:\/\/bos-scheyern.de\/bo\/wp-content\/uploads\/2023\/07\/Abiturfeier-1-768x512.jpg 768w, https:\/\/bos-scheyern.de\/bo\/wp-content\/uploads\/2023\/07\/Abiturfeier-1-1536x1024.jpg 1536w, https:\/\/bos-scheyern.de\/bo\/wp-content\/uploads\/2023\/07\/Abiturfeier-1-2048x1365.jpg 2048w\" sizes=\"(max-width: 1024px) 100vw, 1024px\" \/><\/a><figcaption class=\"blocks-gallery-item__caption\">Ausgelassene Stimmung bei der Abiturfeier im Klosterhof in Scheyern<\/figcaption><\/figure><\/li><\/ul><figcaption class=\"blocks-gallery-caption\">Eindr\u00fccke von der Abiturfeier<\/figcaption><\/figure>\n\n\n\n<div style=\"height:10px\" aria-hidden=\"true\" class=\"wp-block-spacer\"><\/div>\n\n\n\n<p>Am Freitag, den 07. Juli 2023, fand bei sch\u00f6nstem Sommerwetter die Abiturfeier der FOSBOS Scheyern statt. Nach einer besinnlichen Einstimmung im Scheyerer Klosterhof konnten 294 Absolventinnen und Absolventen im Rahmen einer feierlichen Zeugnisverleihung ihre Fachhochschulreife bzw. Allgemeine Hochschulreife in den verschiedenen R\u00e4umlichkeiten des Klosters Scheyern in Empfang nehmen. Neben den Abiturient*innen und ihren Eltern sowie Freunden waren auch die weitere Stellvertreterin des Landrats, Kerstin Schnapp, sowie Abt Markus Eller vom Kloster Scheyern als gern gesehene G\u00e4ste geladen, die den Abiturientinnen und Abiturienten in ihren Gru\u00dfworten ihre guten W\u00fcnsche mit auf den Weg gaben.<\/p>\n\n\n\n<p>Schulleiter Franz Haltmayer verwies in seiner Ansprache darauf, dass die Absolventinnen und Absolventen nun an einer Weggabelung auf ihrem ganz pers\u00f6nlichen Lebensweg st\u00fcnden und sich ihnen v\u00f6llig neue und unterschiedliche Richtungen zur \u201eWeiterfahrt auf diesem Weg\u201c er\u00f6ffneten. Er ermutigte sie dazu, selbst herauszufinden, \u201ein welche Richtung Sie fahren m\u00f6chten\u201c und betonte seine feste \u00dcberzeugung, dass dies allen in dem diesj\u00e4hrigen Abiturjahrgang sicher gut gel\u00e4nge.<\/p>\n\n\n\n<p>Die Sch\u00fclersprecherinnen und Sch\u00fclersprecher betonten anschlie\u00dfend neben den M\u00fchen des zur\u00fcckliegenden Schuljahres auch das konstruktive Zusammenwirken von Sch\u00fclerschaft, Kollegium und Schulleitung an der FOSBOS Scheyern und den Zusammenhalt der Schulgemeinschaft. In seinem Gru\u00dfwort erkl\u00e4rte Gerold Meinders als Vertreter des Elternbeirates, wie wichtig die Unterst\u00fctzung durch Lehrer und Eltern w\u00e4hrend der Schulzeit sei. Die jeweiligen Klassenleiter*innen verabschiedeten ihre Klassen zudem mit einer Rede, in der sie humorvoll Einblicke in die Klassensituation der vergangenen Monate gaben und ihren bisherigen Sch\u00fctzlingen alles Gute f\u00fcr die Zukunft und den weiteren Lebensweg w\u00fcnschten. Musikalisch umrahmt wurde die Feier von Paula Neumayr, die als Sch\u00fclerin der 13. Klasse selbst unter den Absolventinnen war, und den Lehrkr\u00e4ften Kathrin Czerny, Patricia Hofmann und Maria Huber.<\/p>\n\n\n\n<p>Bei der Ehrung der jeweils Schulbesten ihrer Ausbildungsrichtung und der Sch\u00fclerinnen und Sch\u00fcler, die sich in der SMV, der \u201eSchule ohne Rassismus, Schule mit Courage\u201c-AG und der Umwelt-AG engagiert hatten, wurden neben Zertifikaten auch Geldpreise des F\u00f6rdervereins der beruflichen Schulen im Landkreis Pfaffenhofen, vertreten durch Heiko Hirtreiter, und der Stiftung Stephanus, vertreten durch Pater Lukas Wirth, \u00fcberreicht.<\/p>\n\n\n\n<p>Nach den Anstrengungen der zur\u00fcckliegenden Monate lie\u00dfen Absolventinnen und Absolventen, Eltern und Freunde sowie Schulleitung und Lehrerschaft die Feier im Klosterhof Scheyern bei einem Sektempfang gemeinsam ausklingen. Die SMV pflanzte in diesem feierlichen Rahmen eine Buche, damit dieser besondere Jahrgang auch k\u00fcnftigen Sch\u00fclergenerationen im Ged\u00e4chtnis bleibt. Dar\u00fcber hinaus hatte die SMV am Abend eine Abschlussparty im Prielhof organisiert, denn nach den M\u00fchen der Pr\u00fcfungen sollte auch der Spa\u00df nicht zu kurz kommen.<\/p>\n\n\n\n<p>Text: Sabine Thielitz, StRin<\/p>\n","protected":false},"excerpt":{"rendered":"<p>Am Freitag, den 07. Juli 2023, fand bei sch\u00f6nstem Sommerwetter die Abiturfeier der FOSBOS Scheyern statt. Nach einer besinnlichen Einstimmung im Scheyerer Klosterhof konnten 294 Absolventinnen und Absolventen im Rahmen <a class=\"more-link\" href=\"https:\/\/bos-scheyern.de\/bo\/?p=5473\">weiterlesen<span class=\"screen-reader-text\">Abiturfeier an der FOSBOS Scheyern<\/span><span class=\"meta-nav\">\u2192<\/span><\/a><\/p>\n","protected":false},"author":14,"featured_media":5475,"comment_status":"closed","ping_status":"closed","sticky":false,"template":"","format":"standard","meta":[],"categories":[11],"tags":[],"_links":{"self":[{"href":"https:\/\/bos-scheyern.de\/bo\/index.php?rest_route=\/wp\/v2\/posts\/5473"}],"collection":[{"href":"https:\/\/bos-scheyern.de\/bo\/index.php?rest_route=\/wp\/v2\/posts"}],"about":[{"href":"https:\/\/bos-scheyern.de\/bo\/index.php?rest_route=\/wp\/v2\/types\/post"}],"author":[{"embeddable":true,"href":"https:\/\/bos-scheyern.de\/bo\/index.php?rest_route=\/wp\/v2\/users\/14"}],"replies":[{"embeddable":true,"href":"https:\/\/bos-scheyern.de\/bo\/index.php?rest_route=%2Fwp%2Fv2%2Fcomments&post=5473"}],"version-history":[{"count":6,"href":"https:\/\/bos-scheyern.de\/bo\/index.php?rest_route=\/wp\/v2\/posts\/5473\/revisions"}],"predecessor-version":[{"id":5487,"href":"https:\/\/bos-scheyern.de\/bo\/index.php?rest_route=\/wp\/v2\/posts\/5473\/revisions\/5487"}],"wp:featuredmedia":[{"embeddable":true,"href":"https:\/\/bos-scheyern.de\/bo\/index.php?rest_route=\/wp\/v2\/media\/5475"}],"wp:attachment":[{"href":"https:\/\/bos-scheyern.de\/bo\/index.php?rest_route=%2Fwp%2Fv2%2Fmedia&parent=5473"}],"wp:term":[{"taxonomy":"category","embeddable":true,"href":"https:\/\/bos-scheyern.de\/bo\/index.php?rest_route=%2Fwp%2Fv2%2Fcategories&post=5473"},{"taxonomy":"post_tag","embeddable":true,"href":"https:\/\/bos-scheyern.de\/bo\/index.php?rest_route=%2Fwp%2Fv2%2Ftags&post=5473"}],"curies":[{"name":"wp","href":"https:\/\/api.w.org\/{rel}","templated":true}]}}