{"id":5488,"date":"2023-07-14T22:59:15","date_gmt":"2023-07-14T20:59:15","guid":{"rendered":"https:\/\/bos-scheyern.de\/bo\/?p=5488"},"modified":"2023-07-14T23:14:15","modified_gmt":"2023-07-14T21:14:15","slug":"die-fosbos-scheyern-gewinnt-den-schuelerlandeswettbewerb-erinnerungszeichen","status":"publish","type":"post","link":"https:\/\/bos-scheyern.de\/bo\/?p=5488","title":{"rendered":"Die FOSBOS Scheyern gewinnt den Sch\u00fclerlandeswettbewerb \u201eErinnerungszeichen\u201c"},"content":{"rendered":"\n<figure class=\"wp-block-image size-large is-resized\"><img loading=\"lazy\" src=\"https:\/\/bos-scheyern.de\/bo\/wp-content\/uploads\/2023\/07\/Landtag6-2-1024x493.jpg\" alt=\"\" class=\"wp-image-5493\" width=\"768\" height=\"370\" srcset=\"https:\/\/bos-scheyern.de\/bo\/wp-content\/uploads\/2023\/07\/Landtag6-2-1024x493.jpg 1024w, https:\/\/bos-scheyern.de\/bo\/wp-content\/uploads\/2023\/07\/Landtag6-2-300x145.jpg 300w, https:\/\/bos-scheyern.de\/bo\/wp-content\/uploads\/2023\/07\/Landtag6-2-768x370.jpg 768w, https:\/\/bos-scheyern.de\/bo\/wp-content\/uploads\/2023\/07\/Landtag6-2-1536x740.jpg 1536w, https:\/\/bos-scheyern.de\/bo\/wp-content\/uploads\/2023\/07\/Landtag6-2.jpg 1992w\" sizes=\"(max-width: 768px) 100vw, 768px\" \/><figcaption>Eindr\u00fccke von der Preisverleihung <\/figcaption><\/figure>\n\n\n\n<p>Am 3. Juli 2023 erhielt die Klasse B-W12B im Maximilianeum den 1. Preis in der Kategorie Berufliche Schulen. Landtagspr\u00e4sidentin und Schirmherrin Ilse Aigner zeichnete gemeinsam mit Ministerialdirigent Martin Wunsch die engagierten Sch\u00fclerinnen und Sch\u00fcler aus. Zum Thema \u201eHier bin ich daheim! Was macht meine Region besonders?\u201c begaben sich die Teilnehmerinnen und Teilnehmer auf historische Spurensuche in ihrer Heimat und erarbeiteten vielf\u00e4ltige und kreative Beitr\u00e4ge.<\/p>\n\n\n\n<p>Landtagspr\u00e4sidentin Ilse Aigner betonte in ihrem Gru\u00dfwort: \u201eBayern hat als unsere Heimat unz\u00e4hlige starke Geschichten zu bieten. Ihr habt sie mit viel Engagement erforscht und herausgearbeitet, indem ihr Geschichten aufgedeckt, Beitr\u00e4ge konzipiert und Ergebnisse formuliert habt. Unsere Sitten und Gebr\u00e4uche, die Traditionen geben den Menschen gerade in turbulenten Zeiten Halt. Sie sind Anlass, als Gemeinschaft zusammenzukommen und Gutes miteinander zu teilen oder gemeinsam Gutes auf die Beine zu stellen.\u201c<\/p>\n\n\n\n<p>Die Sch\u00fclerinnen und Sch\u00fcler der Klasse B-W12B begaben sich anl\u00e4sslich des Landeswettbewerbs auf eine historische Reise durch die Entstehungs- und Wirkungsgeschichte des Klosters Scheyern: Sie erkundeten das Klostergel\u00e4nde, besichtigten die Basilika sowie die Brauerei und durften sogar einen Blick in die beeindruckende Barockbibliothek werfen. Des Weiteren recherchierten sie sowohl zur 900-j\u00e4hrigen Klostergeschichte als auch zur Entstehungsgeschichte unserer Schule, der FOSBOS Scheyern. Sie befragten Experten und Zeitzeugen, erfuhren Wissenswertes \u00fcber den Prielhof sowie dessen Entstehungsgeschichte und berichteten \u00fcber die Vorteile des an die Schule angegliederten Wohnheims sowie \u00fcber die Events in und um Scheyern. Einblicke in den Klosterladen, die Klostermetzgerei und -brennerei sowie die Besch\u00e4ftigung mit dem Scheyrer Wappen, den \u201eScheyrer Glocken\u201c und der Gemeinde Scheyern lie\u00dfen ein facettenreiches Bild entstehen.<\/p>\n\n\n\n<p>Das Ergebnis ist eine Webseite \u00fcber \u201ekulturelle, wirtschaftliche und politische Seiten des Klosterlebens \u2013 damals wie heute\u201c. Christian K\u00f6nig lobte in seiner Laudatio die Vielseitigkeit der einzelnen Beitr\u00e4ge: Neben Grafiken wurden Videoclips und Audiobeitr\u00e4ge erstellt, ein Cartoon gezeichnet und kreative Texte verfasst. Dabei hob der Laudator nicht nur die Kreativit\u00e4t und den Medieneinsatz positiv hervor, sondern auch die kritische Auseinandersetzung mit der Materie. Besonders preisverd\u00e4chtig ist seiner Meinung nach, dass \u201etrotz dieser Vielfalt [\u2026] die einzelnen Themen stimmig zu einem Gesamtbeitrag integriert [sind]. Das zeigt, dass eine wirklich \u00fcberzeugende Gemeinschaftsleistung vorliegt, f\u00fcr die der gesamten Klasse \u2013 aber auch ihrer betreuenden Lehrkraft Frau Thalmeier \u2013 gro\u00dfe Anerkennung geb\u00fchrt.\u201c<\/p>\n\n\n\n<p>Angesto\u00dfen und mit Herzblut betreut wurde das Projekt von der Geschichts- und Sozialkundelehrerin Patrizia Thalmeier; auch das Kloster Scheyern unterst\u00fctzte und f\u00f6rderte die Sch\u00fclerinnen und Sch\u00fcler von Anfang an \u2013 vor allem Pater Lukas und Frater Joachim geb\u00fchrt daf\u00fcr gro\u00dfer Dank.<\/p>\n\n\n\n<p>Text: Eva-Maria Hofberger, StRin<\/p>\n","protected":false},"excerpt":{"rendered":"<p>Am 3. Juli 2023 erhielt die Klasse B-W12B im Maximilianeum den 1. Preis in der Kategorie Berufliche Schulen. Landtagspr\u00e4sidentin und Schirmherrin Ilse Aigner zeichnete gemeinsam mit Ministerialdirigent Martin Wunsch die <a class=\"more-link\" href=\"https:\/\/bos-scheyern.de\/bo\/?p=5488\">weiterlesen<span class=\"screen-reader-text\">Die FOSBOS Scheyern gewinnt den Sch\u00fclerlandeswettbewerb \u201eErinnerungszeichen\u201c<\/span><span class=\"meta-nav\">\u2192<\/span><\/a><\/p>\n","protected":false},"author":14,"featured_media":5493,"comment_status":"closed","ping_status":"closed","sticky":false,"template":"","format":"standard","meta":[],"categories":[11],"tags":[],"_links":{"self":[{"href":"https:\/\/bos-scheyern.de\/bo\/index.php?rest_route=\/wp\/v2\/posts\/5488"}],"collection":[{"href":"https:\/\/bos-scheyern.de\/bo\/index.php?rest_route=\/wp\/v2\/posts"}],"about":[{"href":"https:\/\/bos-scheyern.de\/bo\/index.php?rest_route=\/wp\/v2\/types\/post"}],"author":[{"embeddable":true,"href":"https:\/\/bos-scheyern.de\/bo\/index.php?rest_route=\/wp\/v2\/users\/14"}],"replies":[{"embeddable":true,"href":"https:\/\/bos-scheyern.de\/bo\/index.php?rest_route=%2Fwp%2Fv2%2Fcomments&post=5488"}],"version-history":[{"count":3,"href":"https:\/\/bos-scheyern.de\/bo\/index.php?rest_route=\/wp\/v2\/posts\/5488\/revisions"}],"predecessor-version":[{"id":5494,"href":"https:\/\/bos-scheyern.de\/bo\/index.php?rest_route=\/wp\/v2\/posts\/5488\/revisions\/5494"}],"wp:featuredmedia":[{"embeddable":true,"href":"https:\/\/bos-scheyern.de\/bo\/index.php?rest_route=\/wp\/v2\/media\/5493"}],"wp:attachment":[{"href":"https:\/\/bos-scheyern.de\/bo\/index.php?rest_route=%2Fwp%2Fv2%2Fmedia&parent=5488"}],"wp:term":[{"taxonomy":"category","embeddable":true,"href":"https:\/\/bos-scheyern.de\/bo\/index.php?rest_route=%2Fwp%2Fv2%2Fcategories&post=5488"},{"taxonomy":"post_tag","embeddable":true,"href":"https:\/\/bos-scheyern.de\/bo\/index.php?rest_route=%2Fwp%2Fv2%2Ftags&post=5488"}],"curies":[{"name":"wp","href":"https:\/\/api.w.org\/{rel}","templated":true}]}}