{"id":5505,"date":"2023-07-23T23:44:34","date_gmt":"2023-07-23T21:44:34","guid":{"rendered":"https:\/\/bos-scheyern.de\/bo\/?p=5505"},"modified":"2023-07-23T23:44:36","modified_gmt":"2023-07-23T21:44:36","slug":"erasmus-eine-erfahrrad-wert-mein-praktikum-in-den-niederlanden","status":"publish","type":"post","link":"https:\/\/bos-scheyern.de\/bo\/?p=5505","title":{"rendered":"Erasmus+ &#8211; eine &#8222;Erfahrrad&#8220; wert: Mein Praktikum in den Niederlanden"},"content":{"rendered":"\n<figure class=\"wp-block-image size-large\"><img loading=\"lazy\" width=\"1024\" height=\"768\" src=\"https:\/\/bos-scheyern.de\/bo\/wp-content\/uploads\/2023\/07\/Erasmus-Praktikum_Lorenz-Schenkel-1024x768.jpg\" alt=\"\" class=\"wp-image-5502\" srcset=\"https:\/\/bos-scheyern.de\/bo\/wp-content\/uploads\/2023\/07\/Erasmus-Praktikum_Lorenz-Schenkel-1024x768.jpg 1024w, https:\/\/bos-scheyern.de\/bo\/wp-content\/uploads\/2023\/07\/Erasmus-Praktikum_Lorenz-Schenkel-300x225.jpg 300w, https:\/\/bos-scheyern.de\/bo\/wp-content\/uploads\/2023\/07\/Erasmus-Praktikum_Lorenz-Schenkel-200x150.jpg 200w, https:\/\/bos-scheyern.de\/bo\/wp-content\/uploads\/2023\/07\/Erasmus-Praktikum_Lorenz-Schenkel-768x576.jpg 768w, https:\/\/bos-scheyern.de\/bo\/wp-content\/uploads\/2023\/07\/Erasmus-Praktikum_Lorenz-Schenkel-1536x1152.jpg 1536w, https:\/\/bos-scheyern.de\/bo\/wp-content\/uploads\/2023\/07\/Erasmus-Praktikum_Lorenz-Schenkel-2048x1536.jpg 2048w\" sizes=\"(max-width: 1024px) 100vw, 1024px\" \/><figcaption>Foto: Lorenz Schenkel<\/figcaption><\/figure>\n\n\n\n<p>Mein Name ist Lorenz, ich bin 21 Jahre alt und habe im Schuljahr 2021\/22 den Technik Zweig der BOS besucht. Nachdem ich mich f\u00fcr das Erasmus+ Programm angemeldet habe und angenommen wurde, wollte ich mir selbst eine Praktikumsstelle suchen. Ich habe mich auf drei Bereiche festgelegt und sehr viele Bewerbungen geschrieben, nach wenig R\u00fcckmeldung hatte ich schon fast aufgegeben. Falls du auch nach einer Firma f\u00fcr dein Auslandspraktikum suchst, empfehle ich dir, auch wenn es \u00dcberwindung kostet, bei den Firmen einfach anzurufen und nachzufragen, ob sie sich \u00fcberhaupt ein Praktikum vorstellen k\u00f6nnen.<\/p>\n\n\n\n<p>Da ich jedoch unbedingt das Praktikum durchf\u00fchren wollte habe ich durch pers\u00f6nlich Kontakte und viel Gl\u00fcck einen Platz bei einer Spezialfahrradladen in Dronten in den Niederlanden bekommen. Bei den Fahrr\u00e4dern handelt es sich um Velomobile (VM), ein dreir\u00e4driges, mit Carbon verkleidetes Liegerad. Diese k\u00f6nnen aufgrund ihres niedrigen Luftwiederstandes mit au\u00dfergew\u00f6hnlich wenig Leistung sehr hohe Geschwindigkeiten erreichen.<\/p>\n\n\n\n<p>Ich bin mit dem Zug einen Tag vor Praktikumsbeginn in die Niederlande gereist und habe mich schon in der Kleinstadt umgeschaut und mich auf dem Campingplatz eingerichtet, dem Ort, an dem ich zwei Wochen wohnen werde.<\/p>\n\n\n\n<p>Die ersten Tage des Praktikums vergingen und ich wurde mir bewusst, dass es eine gro\u00dfartige Zeit werden wird. F\u00fcr die t\u00e4gliche Fahrt vom Campingplatz zur Arbeit durfte ich mir ein VM ausleihen. Au\u00dferdem hat mein Arbeitgeber mir auch eine Schlafm\u00f6glichkeit mit Dusche usw. angeboten, aber es war auch angenehm, nach der Arbeit zu meinen eigenen vier W\u00e4nden zur\u00fcckzukehren. Ich hatte viel unterschiedliche Aufgaben, in denen ich auch einiges \u00fcber VM und ihren Aufbau gelernt habe. So kamen auch einige Kunden, welche ihr eigenes Rad zur Wartung mitbrachten. Dort konnte ich helfen die Bremsz\u00fcge zu erneuern, Bremsen einzustellen, neue Bremsbel\u00e4ge einzubauen, den Lenker wieder richtig einzustellen, die Spur anzupassen, kaputte Spiegel zu tauschen, Sto\u00dfd\u00e4mpfer zu wechseln, usw. Au\u00dferdem gab es auch ein sehr kaputtes VM, welches einen Frontalschaden hatte. Bei diesem Modell lernte ich wie man Carbon wieder reparieren kann. So verwendeten wir Epoxidharz und Carbonfasern und klebten die Risse wieder zu. Die Sprachkenntnisse der Kunden sind mir sehr positiv aufgefallen und so konnte ich mich mit ihnen auf Englisch und Deutsch unterhalten und ihnen Fragen beantworten oder beim Verzurren f\u00fcr den Transport helfen.<\/p>\n\n\n\n<p>Doch die Erasmus+ Erfahrung ist nicht nur ein Praktikum, in dem man Englisch redet. Vielmehr ist sie ein bisschen wie ein besserer Urlaub, man lernt die Kultur und Gepflogenheiten eines anderen Landes kennen. So fuhr ich mit dem Velomobil in die n\u00e4chstgr\u00f6\u00dfere Stadt und besuchte ein Museum \u00fcber Flevoland, war mit der Familie meines Arbeitgebers am Rhein, badete am zweitgr\u00f6\u00dften S\u00fc\u00dfwassersee der Niederlande und beobachtete Kite-\/ Windsurfer, segelte mit meinem Betreuer und seinen S\u00f6hnen im Kanal, durfte kleine Touren mit dem Velomobil machen, hatte viel Kontakt mit der Familie der Firma, lernte ein paar W\u00f6rter Niederl\u00e4ndisch und hatte insgesamt viel Spa\u00df. Au\u00dferdem habe ich nach dem Praktikum mir noch einen Tag lang Amsterdam angeschaut.<\/p>\n\n\n\n<p>Zusammengefasst kann ich dir nur empfehlen ein Erasmus+ Praktikum zu machen. Und falls es dir nicht gefallen sollte, sind es nur zwei bis vier Wochen und allemal eine Erfahrung wert.<\/p>\n\n\n\n<p>Text: Lorenz Schenkel<\/p>\n","protected":false},"excerpt":{"rendered":"<p>Mein Name ist Lorenz, ich bin 21 Jahre alt und habe im Schuljahr 2021\/22 den Technik Zweig der BOS besucht. Nachdem ich mich f\u00fcr das Erasmus+ Programm angemeldet habe und <a class=\"more-link\" href=\"https:\/\/bos-scheyern.de\/bo\/?p=5505\">weiterlesen<span class=\"screen-reader-text\">Erasmus+ &#8211; eine &#8222;Erfahrrad&#8220; wert: Mein Praktikum in den Niederlanden<\/span><span class=\"meta-nav\">\u2192<\/span><\/a><\/p>\n","protected":false},"author":14,"featured_media":5502,"comment_status":"closed","ping_status":"closed","sticky":false,"template":"","format":"standard","meta":[],"categories":[45],"tags":[],"_links":{"self":[{"href":"https:\/\/bos-scheyern.de\/bo\/index.php?rest_route=\/wp\/v2\/posts\/5505"}],"collection":[{"href":"https:\/\/bos-scheyern.de\/bo\/index.php?rest_route=\/wp\/v2\/posts"}],"about":[{"href":"https:\/\/bos-scheyern.de\/bo\/index.php?rest_route=\/wp\/v2\/types\/post"}],"author":[{"embeddable":true,"href":"https:\/\/bos-scheyern.de\/bo\/index.php?rest_route=\/wp\/v2\/users\/14"}],"replies":[{"embeddable":true,"href":"https:\/\/bos-scheyern.de\/bo\/index.php?rest_route=%2Fwp%2Fv2%2Fcomments&post=5505"}],"version-history":[{"count":1,"href":"https:\/\/bos-scheyern.de\/bo\/index.php?rest_route=\/wp\/v2\/posts\/5505\/revisions"}],"predecessor-version":[{"id":5506,"href":"https:\/\/bos-scheyern.de\/bo\/index.php?rest_route=\/wp\/v2\/posts\/5505\/revisions\/5506"}],"wp:featuredmedia":[{"embeddable":true,"href":"https:\/\/bos-scheyern.de\/bo\/index.php?rest_route=\/wp\/v2\/media\/5502"}],"wp:attachment":[{"href":"https:\/\/bos-scheyern.de\/bo\/index.php?rest_route=%2Fwp%2Fv2%2Fmedia&parent=5505"}],"wp:term":[{"taxonomy":"category","embeddable":true,"href":"https:\/\/bos-scheyern.de\/bo\/index.php?rest_route=%2Fwp%2Fv2%2Fcategories&post=5505"},{"taxonomy":"post_tag","embeddable":true,"href":"https:\/\/bos-scheyern.de\/bo\/index.php?rest_route=%2Fwp%2Fv2%2Ftags&post=5505"}],"curies":[{"name":"wp","href":"https:\/\/api.w.org\/{rel}","templated":true}]}}