{"id":5509,"date":"2023-07-23T23:54:24","date_gmt":"2023-07-23T21:54:24","guid":{"rendered":"https:\/\/bos-scheyern.de\/bo\/?p=5509"},"modified":"2023-07-23T23:54:25","modified_gmt":"2023-07-23T21:54:25","slug":"erfahrungsbericht-zweiwoechiges-erasmus-praktikum-in-paris","status":"publish","type":"post","link":"https:\/\/bos-scheyern.de\/bo\/?p=5509","title":{"rendered":"Erfahrungsbericht \u2013 zweiw\u00f6chiges Erasmus+ -Praktikum in Paris"},"content":{"rendered":"\n<figure class=\"wp-block-image size-large\"><img loading=\"lazy\" width=\"1024\" height=\"627\" src=\"https:\/\/bos-scheyern.de\/bo\/wp-content\/uploads\/2023\/07\/Erasmus-Paris_Sina-Marie-Dichtl-1024x627.jpg\" alt=\"\" class=\"wp-image-5503\" srcset=\"https:\/\/bos-scheyern.de\/bo\/wp-content\/uploads\/2023\/07\/Erasmus-Paris_Sina-Marie-Dichtl-1024x627.jpg 1024w, https:\/\/bos-scheyern.de\/bo\/wp-content\/uploads\/2023\/07\/Erasmus-Paris_Sina-Marie-Dichtl-300x184.jpg 300w, https:\/\/bos-scheyern.de\/bo\/wp-content\/uploads\/2023\/07\/Erasmus-Paris_Sina-Marie-Dichtl-768x470.jpg 768w, https:\/\/bos-scheyern.de\/bo\/wp-content\/uploads\/2023\/07\/Erasmus-Paris_Sina-Marie-Dichtl.jpg 1409w\" sizes=\"(max-width: 1024px) 100vw, 1024px\" \/><figcaption>Foto: Sina-Marie Dichtl<\/figcaption><\/figure>\n\n\n\n<p>\u201eEine Fremdsprache lernt man, um in einem fremden Land nicht nur ein Fremder zu sein\u201c<\/p>\n\n\n\n<p>Genau das trifft zu, wenn man fremde L\u00e4nder entdeckt. Jene Erfahrung durfte ich dank Erasmus+ w\u00e4hrend meines zweiw\u00f6chigen Praktikums in Paris, genauer gesagt am Coll\u00e8ge Francois Truffaut im Pariser Stadtviertel Asni\u00e8res, machen.<\/p>\n\n\n\n<p>Mein Praktikum begann am 19.03.2023. Mit der Bahn fuhr ich zun\u00e4chst Richtung M\u00fcnchen und dann direkt mit dem ICE weiter nach Mannheim. Nach sechs Stunden erreichte ich schlie\u00dflich mit dem TGV den Pariser Ostbahnhof Paris Est.<\/p>\n\n\n\n<p>Meinen Aufenthalt verbrachte ich dort in einem Hotel, welches zehn Minuten von der Schule entfernt war. So war es m\u00f6glich, sehr unkompliziert und einfach mit dem Bus zur Schule zu kommen.<\/p>\n\n\n\n<p>W\u00e4hrend meines Praktikums begleitete ich eine Deutschlehrerin an meiner Praktikumsschule. Sie band mich stets im Unterricht mit ein und bot mir dabei zahlreiche M\u00f6glichkeiten, mich hierbei auch sprachlich und kulturell weiterzuentwickeln.<\/p>\n\n\n\n<p>Der Praktikumstag begann um halb neun und endetet um halb eins. Die Klassen, in denen ich hospitierte, waren sehr heterogen. Teilweise bestanden diese nur aus kleinen Gruppen von sechs Sch\u00fclerInnen. Andere Klassen hingegen bestanden aus mehr als drei\u00dfig Sch\u00fclerInnen. So war es m\u00f6glich, sich auf sehr vielf\u00e4ltige und unterschiedliche Weise im Unterrichtsgeschehen einzubringen. In den kleineren Gruppen konnte ich mich sehr intensiv mit den Sch\u00fclerInnen auseinandersetzten, zum Teil auch pers\u00f6nliche Gespr\u00e4che mit ihnen f\u00fchren, wohingegen ich in den gr\u00f6\u00dferen Klassen haupts\u00e4chlich versuchte den Sch\u00fclerInnen bei Schreibproduktionsaufgaben unterst\u00fctzend zur Seite zu stehen oder ihnen dementsprechend Fehler aufzuzeigen. Im Gro\u00dfen und Ganzen profitierte ich auch sprachlich sehr von den Unterrichtsstunden. Zusammenfassend ist zu sagen, dass sowohl ich als auch die Sch\u00fclerInnen gewinnbringend aus dieser Zeit gegangen sind.<\/p>\n\n\n\n<p>In meiner Freizeit entdeckte ich Paris. Als Kulturstadt ist Paris gepr\u00e4gt von Museen, zahlreichen romantischen Gassen und h\u00fcbschen Caf\u00e9s. Viele Einrichtungen wie beispielsweise das weltbekannte Museum le Louvre sind in Paris f\u00fcr junge Leute unter 26 stark erm\u00e4\u00dfigt, sodass man hierf\u00fcr h\u00e4ufig kaum oder nur sehr wenig zahlen muss. Als Stadt der Mode bietet Paris dar\u00fcber hinaus auch eine Vielzahl von beeindruckenden Einkaufsvierteln. &nbsp;Sehr zu empfehlen ist hierbei das Viertel Marais im 3.&nbsp;Arrondissement. Aber auch einem gem\u00fctlichen Besuch in einem der typischen franz\u00f6sischen Caf\u00e9s steht in der Stadt der Liebe nichts im Wege. Lohnenswert sind auch die einzigartigen Pariser Parkanlagen wie der Jardin de Luxembourg oder der Jardin des Tuileries.<\/p>\n\n\n\n<p>Zusammenfassend kann ich sagen, dass ich sehr dankbar \u00fcber die pr\u00e4gende Zeit bin, die ich in Paris verbringen durfte, und sich mein Praktikum dort definitiv gelohnt hat. Ich konnte dadurch meinen Horizont in sehr vieler Hinsicht erweitern. &nbsp;Insbesondere meine Franz\u00f6sischkenntnisse haben sich dadurch deutlich verbessert.<\/p>\n\n\n\n<p>Da man durchweg eigenst\u00e4ndig handeln muss, ist ein Praktikum im Ausland f\u00fcr jedermann eine sehr bereichernde Erfahrung.<\/p>\n\n\n\n<p>Jetzt hei\u00dft es: Viel Spa\u00df beim Bewerben, Planen, Organisieren und Erleben- Profitez bien de votre experience fran\u00e7aise!<\/p>\n\n\n\n<p>Text: Sina-Marie Dichtl<\/p>\n","protected":false},"excerpt":{"rendered":"<p>\u201eEine Fremdsprache lernt man, um in einem fremden Land nicht nur ein Fremder zu sein\u201c Genau das trifft zu, wenn man fremde L\u00e4nder entdeckt. Jene Erfahrung durfte ich dank Erasmus+ <a class=\"more-link\" href=\"https:\/\/bos-scheyern.de\/bo\/?p=5509\">weiterlesen<span class=\"screen-reader-text\">Erfahrungsbericht \u2013 zweiw\u00f6chiges Erasmus+ -Praktikum in Paris<\/span><span class=\"meta-nav\">\u2192<\/span><\/a><\/p>\n","protected":false},"author":14,"featured_media":5503,"comment_status":"closed","ping_status":"closed","sticky":false,"template":"","format":"standard","meta":[],"categories":[45],"tags":[],"_links":{"self":[{"href":"https:\/\/bos-scheyern.de\/bo\/index.php?rest_route=\/wp\/v2\/posts\/5509"}],"collection":[{"href":"https:\/\/bos-scheyern.de\/bo\/index.php?rest_route=\/wp\/v2\/posts"}],"about":[{"href":"https:\/\/bos-scheyern.de\/bo\/index.php?rest_route=\/wp\/v2\/types\/post"}],"author":[{"embeddable":true,"href":"https:\/\/bos-scheyern.de\/bo\/index.php?rest_route=\/wp\/v2\/users\/14"}],"replies":[{"embeddable":true,"href":"https:\/\/bos-scheyern.de\/bo\/index.php?rest_route=%2Fwp%2Fv2%2Fcomments&post=5509"}],"version-history":[{"count":1,"href":"https:\/\/bos-scheyern.de\/bo\/index.php?rest_route=\/wp\/v2\/posts\/5509\/revisions"}],"predecessor-version":[{"id":5510,"href":"https:\/\/bos-scheyern.de\/bo\/index.php?rest_route=\/wp\/v2\/posts\/5509\/revisions\/5510"}],"wp:featuredmedia":[{"embeddable":true,"href":"https:\/\/bos-scheyern.de\/bo\/index.php?rest_route=\/wp\/v2\/media\/5503"}],"wp:attachment":[{"href":"https:\/\/bos-scheyern.de\/bo\/index.php?rest_route=%2Fwp%2Fv2%2Fmedia&parent=5509"}],"wp:term":[{"taxonomy":"category","embeddable":true,"href":"https:\/\/bos-scheyern.de\/bo\/index.php?rest_route=%2Fwp%2Fv2%2Fcategories&post=5509"},{"taxonomy":"post_tag","embeddable":true,"href":"https:\/\/bos-scheyern.de\/bo\/index.php?rest_route=%2Fwp%2Fv2%2Ftags&post=5509"}],"curies":[{"name":"wp","href":"https:\/\/api.w.org\/{rel}","templated":true}]}}