{"id":5532,"date":"2023-07-28T14:12:04","date_gmt":"2023-07-28T12:12:04","guid":{"rendered":"https:\/\/bos-scheyern.de\/bo\/?p=5532"},"modified":"2023-07-28T14:12:56","modified_gmt":"2023-07-28T12:12:56","slug":"die-talentschmiede-die-eigenen-staerken-und-moeglichkeiten-erkennen","status":"publish","type":"post","link":"https:\/\/bos-scheyern.de\/bo\/?p=5532","title":{"rendered":"Die Talentschmiede \u2013 die eigenen St\u00e4rken und M\u00f6glichkeiten erkennen"},"content":{"rendered":"\n<figure class=\"wp-block-image size-large\"><img loading=\"lazy\" width=\"1024\" height=\"683\" src=\"https:\/\/bos-scheyern.de\/bo\/wp-content\/uploads\/2023\/07\/IMG_8178-1024x683.jpg\" alt=\"\" class=\"wp-image-5531\" srcset=\"https:\/\/bos-scheyern.de\/bo\/wp-content\/uploads\/2023\/07\/IMG_8178-1024x683.jpg 1024w, https:\/\/bos-scheyern.de\/bo\/wp-content\/uploads\/2023\/07\/IMG_8178-300x200.jpg 300w, https:\/\/bos-scheyern.de\/bo\/wp-content\/uploads\/2023\/07\/IMG_8178-768x512.jpg 768w, https:\/\/bos-scheyern.de\/bo\/wp-content\/uploads\/2023\/07\/IMG_8178-1536x1024.jpg 1536w, https:\/\/bos-scheyern.de\/bo\/wp-content\/uploads\/2023\/07\/IMG_8178-2048x1365.jpg 2048w\" sizes=\"(max-width: 1024px) 100vw, 1024px\" \/><\/figure>\n\n\n\n<p>Am Donnerstag, den 27. Juli 2023, fanden sich um 8:30 Uhr 35 Sch\u00fclerinnen und Sch\u00fcler der verschiedenen 11. Klassen der FOSBOS Scheyern voller Erwartung in mehreren R\u00e4umen der Beruflichen Oberschule ein, um freiwillig an einem eint\u00e4gigen Seminar der Naturtalentstiftung zur Talente-basierten Berufs- oder Studienorientierung, der sogenannten <em>Talenteschmiede, <\/em>teilzunehmen. In diesem Seminar erhielten die Teilnehmerinnen und Teilnehmer die M\u00f6glichkeit, sich selbst, ihre Talente, Interessen und F\u00e4higkeiten besser kennenzulernen, um die eigenen beruflichen M\u00f6glichkeiten und Ziele ausloten zu k\u00f6nnen. Im Vorfeld mussten alle mehrere Online-Tests bearbeiten, verschiedene Frageb\u00f6gen ausf\u00fcllen sowie Freunde und Familie zu den eigenen St\u00e4rken befragen.<\/p>\n\n\n\n<p>Dieses Seminar hat mittlerweile an der FOSBOS Scheyern Tradition und wird seit mehreren Jahren zum Ende eines jeden Schuljahres angeboten. Die Zielgruppe sind dabei Sch\u00fclerinnen und Sch\u00fcler mit einem Mindestalter von 15 Jahren in der Phase der Berufsorientierung, meist in der vorletzten Jahrgangsstufe vor dem Abschluss.<\/p>\n\n\n\n<p>Die Mentorinnen der Naturtalentstiftung Beate Laux, Irene Garnich und Stephanie Losert hatten die Anwesenden im Vorfeld in kleinere Gruppen aufgeteilt, in denen dann weitergearbeitet wurde. Nach einer kurzen Kennenlernrunde pr\u00e4sentierten alle Teilnehmerinnen und Teilnehmer die zu Hause vorbereiteten Seminarunterlagen auf einem gro\u00dfen Plakat, welches den ganzen Tag \u00fcber sukzessive mit immer mehr Informationen gef\u00fcllt wurde. Im Anschluss wurden die Interessen und Einsch\u00e4tzungen der Sch\u00fclerinnen und Sch\u00fcler besprochen sowie Berufsvorschl\u00e4ge und weitere Anregungen ge\u00e4u\u00dfert. Es herrschte schnell eine vertraute Atmosph\u00e4re, in der eine offene Kommunikation auch \u00fcber pers\u00f6nliche Angelegenheiten m\u00f6glich war.<\/p>\n\n\n\n<p>Nach einer Mittagspause erkl\u00e4rten die Mentorinnen am Nachmittag den Hintergrund des CliftonStrenghtsFinders, eines Pers\u00f6nlichkeitstests, der die f\u00fcnf ausgepr\u00e4gtesten Talente einer Person herausfiltert. Die Sch\u00fclerinnen und Sch\u00fcler erhielten dabei auch die M\u00f6glichkeit, Informationsmaterial zu dem besagten Test durchzulesen. Im Anschluss unterhielten sich die Mentorinnen in einem kurzen Einzelcoaching \u00fcber die jeweiligen besonderen f\u00fcnf Talente und das Zusammenwirken dieser bei den einzelnen Teilnehmerinnen und Teilnehmern. Zudem wurden die zu Beginn der Gespr\u00e4chsrunde herausgearbeiteten Interessen und F\u00e4higkeiten den neu herausgefundenen Talenten zugeordnet. In einer sich daran anschlie\u00dfenden Reflexionsrunde \u00fcber die Ergebnisse der letzten Tests ergaben sich weitere pers\u00f6nliche Kompetenzen und m\u00f6gliche Berufsbilder f\u00fcr jeden Einzelnen. Der erkenntnisreiche und interessante Seminartag endete mit einer durchweg positiven Feedbackrunde zum Ablauf und Inhalt der <em>Talenteschmiede<\/em>.<\/p>\n\n\n\n<p>Text: Sabine Thielitz, StR<\/p>\n","protected":false},"excerpt":{"rendered":"<p>Am Donnerstag, den 27. Juli 2023, fanden sich um 8:30 Uhr 35 Sch\u00fclerinnen und Sch\u00fcler der verschiedenen 11. Klassen der FOSBOS Scheyern voller Erwartung in mehreren R\u00e4umen der Beruflichen Oberschule <a class=\"more-link\" href=\"https:\/\/bos-scheyern.de\/bo\/?p=5532\">weiterlesen<span class=\"screen-reader-text\">Die Talentschmiede \u2013 die eigenen St\u00e4rken und M\u00f6glichkeiten erkennen<\/span><span class=\"meta-nav\">\u2192<\/span><\/a><\/p>\n","protected":false},"author":14,"featured_media":5531,"comment_status":"closed","ping_status":"closed","sticky":false,"template":"","format":"standard","meta":[],"categories":[11],"tags":[],"_links":{"self":[{"href":"https:\/\/bos-scheyern.de\/bo\/index.php?rest_route=\/wp\/v2\/posts\/5532"}],"collection":[{"href":"https:\/\/bos-scheyern.de\/bo\/index.php?rest_route=\/wp\/v2\/posts"}],"about":[{"href":"https:\/\/bos-scheyern.de\/bo\/index.php?rest_route=\/wp\/v2\/types\/post"}],"author":[{"embeddable":true,"href":"https:\/\/bos-scheyern.de\/bo\/index.php?rest_route=\/wp\/v2\/users\/14"}],"replies":[{"embeddable":true,"href":"https:\/\/bos-scheyern.de\/bo\/index.php?rest_route=%2Fwp%2Fv2%2Fcomments&post=5532"}],"version-history":[{"count":2,"href":"https:\/\/bos-scheyern.de\/bo\/index.php?rest_route=\/wp\/v2\/posts\/5532\/revisions"}],"predecessor-version":[{"id":5534,"href":"https:\/\/bos-scheyern.de\/bo\/index.php?rest_route=\/wp\/v2\/posts\/5532\/revisions\/5534"}],"wp:featuredmedia":[{"embeddable":true,"href":"https:\/\/bos-scheyern.de\/bo\/index.php?rest_route=\/wp\/v2\/media\/5531"}],"wp:attachment":[{"href":"https:\/\/bos-scheyern.de\/bo\/index.php?rest_route=%2Fwp%2Fv2%2Fmedia&parent=5532"}],"wp:term":[{"taxonomy":"category","embeddable":true,"href":"https:\/\/bos-scheyern.de\/bo\/index.php?rest_route=%2Fwp%2Fv2%2Fcategories&post=5532"},{"taxonomy":"post_tag","embeddable":true,"href":"https:\/\/bos-scheyern.de\/bo\/index.php?rest_route=%2Fwp%2Fv2%2Ftags&post=5532"}],"curies":[{"name":"wp","href":"https:\/\/api.w.org\/{rel}","templated":true}]}}