{"id":5673,"date":"2023-10-27T14:12:05","date_gmt":"2023-10-27T12:12:05","guid":{"rendered":"https:\/\/bos-scheyern.de\/bo\/?p=5673"},"modified":"2023-10-27T14:12:06","modified_gmt":"2023-10-27T12:12:06","slug":"impressionen-zur-6-hausmesse-in-scheyern-duale-studiengaenge-berufliche-perspektiven","status":"publish","type":"post","link":"https:\/\/bos-scheyern.de\/bo\/?p=5673","title":{"rendered":"Impressionen zur 6. Hausmesse in Scheyern: Duale Studieng\u00e4nge &#038; berufliche Perspektiven"},"content":{"rendered":"\n<figure class=\"wp-block-image size-large\"><img loading=\"lazy\" width=\"1024\" height=\"719\" src=\"https:\/\/bos-scheyern.de\/bo\/wp-content\/uploads\/2023\/10\/IMG_8294-scaled-e1698408657598-1024x719.jpg\" alt=\"\" class=\"wp-image-5674\" srcset=\"https:\/\/bos-scheyern.de\/bo\/wp-content\/uploads\/2023\/10\/IMG_8294-scaled-e1698408657598-1024x719.jpg 1024w, https:\/\/bos-scheyern.de\/bo\/wp-content\/uploads\/2023\/10\/IMG_8294-scaled-e1698408657598-300x211.jpg 300w, https:\/\/bos-scheyern.de\/bo\/wp-content\/uploads\/2023\/10\/IMG_8294-scaled-e1698408657598-768x539.jpg 768w, https:\/\/bos-scheyern.de\/bo\/wp-content\/uploads\/2023\/10\/IMG_8294-scaled-e1698408657598-1536x1078.jpg 1536w, https:\/\/bos-scheyern.de\/bo\/wp-content\/uploads\/2023\/10\/IMG_8294-scaled-e1698408657598-2048x1438.jpg 2048w\" sizes=\"(max-width: 1024px) 100vw, 1024px\" \/><\/figure>\n\n\n\n<div style=\"height:20px\" aria-hidden=\"true\" class=\"wp-block-spacer\"><\/div>\n\n\n\n<p>Bereits zum 6. Mal konnte an der FOSBOS Scheyern die Hausmesse als ein Projekt der regionalen akademischen und beruflichen Orientierung f\u00fcr Sch\u00fclerinnen und Sch\u00fcler der Oberstufe durchgef\u00fchrt werden. Als mittlerweile fest etablierte Veranstaltung der Studien- und Berufsorientierung fand die Messe am Donnerstag, den 28. September 2023, wie gewohnt im Wittelsbacher Saal des Scheyerer Klosters statt. 25 Firmen, Beh\u00f6rden und akademische Einrichtungen aus der Region nahmen an dieser breitgef\u00e4cherten und beliebten Informationsveranstaltung teil. Deren Vertreter sowie die zahlreichen Sch\u00fclerinnen und Sch\u00fcler wurden von Michael Diemer als Mitarbeiter der Schulleitung, Pater Lukas als Cellerar des Klosters Scheyern und dem Beratungslehrer und Organisator der Hausmesse Rudolf Pawlitschko herzlich begr\u00fc\u00dft.<\/p>\n\n\n\n<p>F\u00fcr den technischen Sektor war neben namenhaften Firmen wie Airbus, Bauer und Hipp auch die TH Ingolstadt vertreten. Im Bereich Sozialwesen beteiligten sich beispielsweise die Caritas, das Landratsamt Pfaffenhofen sowie die Werkst\u00e4tte Regens-Wagner aus Hohenwart und die AOK. Dar\u00fcber hinaus war die Partnerhochschule der KU Eichst\u00e4tt mit einem Stand vertreten. Der Wirtschaftsbereich wurde unter anderem von der Sparkasse Pfaffenhofen sowie der Bayerischen Landesbank und dem Finanzamt Pfaffenhofen repr\u00e4sentiert. Zudem waren die Vertretungen der HWK und der IHK begehrte Ansprechpartner, da sie doch die Spezialisten f\u00fcr den beruflichen Bildungsweg und die sich dabei ergebenden facettenreichen M\u00f6glichkeiten sind. An deren und zahlreichen weiteren St\u00e4nden konnten sich die interessierten Jugendlichen \u00fcber die verschiedenen Ausbildungsm\u00f6glichkeiten informieren und wertvolle pers\u00f6nliche Kontakte kn\u00fcpfen. Dieses attraktive Angebot wurde nicht nur von den Sch\u00fclerinnen und Sch\u00fclern der FOSBOS Scheyern, sondern auch von Interessenten anderer weiterf\u00fchrender Schulen aus dem Landkreis Pfaffenhofen sowie den Nachbarlandkreisen rege genutzt.<\/p>\n\n\n\n<p>Zus\u00e4tzlich zu der eigentlichen Messe war dar\u00fcber hinaus ein abwechslungsreiches Rahmenprogramm geboten. Dieses umfasste neben jeweils einem Vortrag der TH Ingolstadt und der KU Eichst\u00e4tt auch eine Vorstellung der Ausbildungsm\u00f6glichkeiten im \u00f6ffentlichen Dienst. Dar\u00fcber hinaus fand eine Podiumsdiskussion \u00fcber die Arbeit in sozialen Berufen statt, an der Birgit Weinbauer, Sozialp\u00e4dagogin bei Regens-Wagner-Hohenwart, sowie Teresa Loichen, Sozialp\u00e4dagogin im wissenschaftlichen Dienst der KU Eichst\u00e4tt, und Michael Stichlmair, Sozialberater der Caritas Neuburg-Schrobenhausen, teilnahmen. Diese berichteten aus ihrem beruflichen Alltag und stellten sich den Fragen der interessierten Sch\u00fclerinnen und Sch\u00fclern. Zudem lie\u00df Frau Annika Haun in einem weiteren Vortragsangebot die Zuh\u00f6rer an ihren vielf\u00e4ltigen Erfahrungen, die sie zuvor im Rahmen ihres dualen Studiums bei der Firma HiPP gewonnen hatte, teilnehmen.<\/p>\n\n\n\n<p>Wie auch die diesbez\u00fcgliche Berichterstattung in der regionalen Presse nahelegt, konnte die diesj\u00e4hrige Hausmesse der FOSBOS Scheyern mit diesem vielf\u00e4ltigen und f\u00fcr alle Beteiligten gewinnbringenden Programm erneut einen wertvollen Beitrag zur Er\u00f6ffnung neuer akademischer und beruflicher Perspektiven in der Region leisten.<\/p>\n\n\n\n<p><em>Text: StRin Sabine Thielitz<\/em><\/p>\n","protected":false},"excerpt":{"rendered":"<p>Bereits zum 6. Mal konnte an der FOSBOS Scheyern die Hausmesse als ein Projekt der regionalen akademischen und beruflichen Orientierung f\u00fcr Sch\u00fclerinnen und Sch\u00fcler der Oberstufe durchgef\u00fchrt werden. Als mittlerweile <a class=\"more-link\" href=\"https:\/\/bos-scheyern.de\/bo\/?p=5673\">weiterlesen<span class=\"screen-reader-text\">Impressionen zur 6. Hausmesse in Scheyern: Duale Studieng\u00e4nge &#038; berufliche Perspektiven<\/span><span class=\"meta-nav\">\u2192<\/span><\/a><\/p>\n","protected":false},"author":14,"featured_media":5674,"comment_status":"closed","ping_status":"closed","sticky":false,"template":"","format":"standard","meta":[],"categories":[11],"tags":[],"_links":{"self":[{"href":"https:\/\/bos-scheyern.de\/bo\/index.php?rest_route=\/wp\/v2\/posts\/5673"}],"collection":[{"href":"https:\/\/bos-scheyern.de\/bo\/index.php?rest_route=\/wp\/v2\/posts"}],"about":[{"href":"https:\/\/bos-scheyern.de\/bo\/index.php?rest_route=\/wp\/v2\/types\/post"}],"author":[{"embeddable":true,"href":"https:\/\/bos-scheyern.de\/bo\/index.php?rest_route=\/wp\/v2\/users\/14"}],"replies":[{"embeddable":true,"href":"https:\/\/bos-scheyern.de\/bo\/index.php?rest_route=%2Fwp%2Fv2%2Fcomments&post=5673"}],"version-history":[{"count":2,"href":"https:\/\/bos-scheyern.de\/bo\/index.php?rest_route=\/wp\/v2\/posts\/5673\/revisions"}],"predecessor-version":[{"id":5676,"href":"https:\/\/bos-scheyern.de\/bo\/index.php?rest_route=\/wp\/v2\/posts\/5673\/revisions\/5676"}],"wp:featuredmedia":[{"embeddable":true,"href":"https:\/\/bos-scheyern.de\/bo\/index.php?rest_route=\/wp\/v2\/media\/5674"}],"wp:attachment":[{"href":"https:\/\/bos-scheyern.de\/bo\/index.php?rest_route=%2Fwp%2Fv2%2Fmedia&parent=5673"}],"wp:term":[{"taxonomy":"category","embeddable":true,"href":"https:\/\/bos-scheyern.de\/bo\/index.php?rest_route=%2Fwp%2Fv2%2Fcategories&post=5673"},{"taxonomy":"post_tag","embeddable":true,"href":"https:\/\/bos-scheyern.de\/bo\/index.php?rest_route=%2Fwp%2Fv2%2Ftags&post=5673"}],"curies":[{"name":"wp","href":"https:\/\/api.w.org\/{rel}","templated":true}]}}