{"id":5677,"date":"2023-10-27T14:17:31","date_gmt":"2023-10-27T12:17:31","guid":{"rendered":"https:\/\/bos-scheyern.de\/bo\/?p=5677"},"modified":"2023-10-27T14:17:47","modified_gmt":"2023-10-27T12:17:47","slug":"kooperation-zwischen-der-beruflichen-oberschule-scheyern-und-realschulen-aus-der-region-wird-weiter-ausgebaut","status":"publish","type":"post","link":"https:\/\/bos-scheyern.de\/bo\/?p=5677","title":{"rendered":"Kooperation zwischen der Beruflichen Oberschule Scheyern und Realschulen aus der Region wird weiter ausgebaut"},"content":{"rendered":"\n<figure class=\"wp-block-image size-large\"><img loading=\"lazy\" width=\"1024\" height=\"683\" src=\"https:\/\/bos-scheyern.de\/bo\/wp-content\/uploads\/2023\/10\/Mathematiklehrer-der-beiteiligten-Schule-im-Austausch-1024x683.jpg\" alt=\"\" class=\"wp-image-5678\" srcset=\"https:\/\/bos-scheyern.de\/bo\/wp-content\/uploads\/2023\/10\/Mathematiklehrer-der-beiteiligten-Schule-im-Austausch-1024x683.jpg 1024w, https:\/\/bos-scheyern.de\/bo\/wp-content\/uploads\/2023\/10\/Mathematiklehrer-der-beiteiligten-Schule-im-Austausch-300x200.jpg 300w, https:\/\/bos-scheyern.de\/bo\/wp-content\/uploads\/2023\/10\/Mathematiklehrer-der-beiteiligten-Schule-im-Austausch-768x512.jpg 768w, https:\/\/bos-scheyern.de\/bo\/wp-content\/uploads\/2023\/10\/Mathematiklehrer-der-beiteiligten-Schule-im-Austausch-1536x1024.jpg 1536w, https:\/\/bos-scheyern.de\/bo\/wp-content\/uploads\/2023\/10\/Mathematiklehrer-der-beiteiligten-Schule-im-Austausch-2048x1365.jpg 2048w\" sizes=\"(max-width: 1024px) 100vw, 1024px\" \/><figcaption>Mathematiklehrkr\u00e4fte der beteiligten Schulen beim Austausch<\/figcaption><\/figure>\n\n\n\n<p>Die seit Jahren bestehende erfolgreiche Zusammenarbeit zwischen der Beruflichen Oberschule Scheyern und drei Realschulen in der Region, n\u00e4mlich der Georg-Hipp-Realschule, der Realschule Geisenfeld und der Realschule am Keltenwall Manching, verspricht im Rahmen eines kollegialen Austausches einen k\u00fcnftig noch reibungsloseren \u00dcbertritt der Realsch\u00fcler an die Fachoberschule (FOS). In einem j\u00fcngst stattgefundenen Treffen kamen Vertreter dieser Schulen zusammen, um die Herausforderungen und M\u00f6glichkeiten des Schulwechsels zu er\u00f6rtern.<\/p>\n\n\n\n<p>In einem zun\u00e4chst allgemein gehaltenen Austausch stellten die Vertreter der Realschulen fest, dass sehr viele Sch\u00fcler nach ihrem Abschluss den Weg zur FOS einschlagen. Dieser \u00dcbergang kann jedoch mit einigen Schwierigkeiten einhergehen, insbesondere in Bezug auf die Bew\u00e4ltigung des h\u00f6heren Lernpensums, da die Sch\u00fcler auf eine akademische Zukunft vorbereitet werden. Die Realschullehrkr\u00e4fte sind an dieser Stelle gefragt, um ihren Sch\u00fctzlingen eine umfassende Beratung anzubieten, ob der Weg \u00fcber die FOS der richtige ist oder ob zum Beispiel eine Berufsausbildung gefolgt von einer Weiterbildung \u00fcber die Berufliche Oberschule (BOS) die bessere Wahl w\u00e4re.<\/p>\n\n\n\n<p>Nach einer gem\u00fctlichen Kaffee- und Kuchenpause wurde das Treffen in fachliche Gruppen aufgeteilt, um einen tieferen Austausch zu erm\u00f6glichen. Es wurde betont, wie wichtig es ist, den Sch\u00fclern bewusst zu machen, dass sie sich auf einen intensiven Lernprozess einstellen m\u00fcssen, um den Anforderungen der FOS gerecht zu werden. Gleichzeitig wurde die Bedeutung von Praktika als praktischer Erfahrungswert hervorgehoben. Bei dem Treffen wurde festgestellt, dass die Realschulen bereits solide Grundlagen in den relevanten Pr\u00fcfungsf\u00e4chern schaffen, was einen nahtlosen \u00dcbergang zur FOS erm\u00f6glicht.<\/p>\n\n\n\n<p>Insgesamt war dieser Nachmittag eine erfolgreiche Gelegenheit, die Schulen in der Region enger miteinander zu vernetzen, um den Sch\u00fclerinnen und Sch\u00fclern k\u00fcnftig noch bessere Unterst\u00fctzung auf ihrem individuellen Bildungsweg anzubieten. Die Kooperation zwischen der Beruflichen Oberschule Scheyern und den Realschulen verspricht, den \u00dcbergang zur FOS f\u00fcr die Sch\u00fcler so reibungslos wie m\u00f6glich zu gestalten und somit ihre Bildungschancen zu maximieren.<\/p>\n\n\n\n<p>Text: StRin Kristina Wei\u00df<\/p>\n","protected":false},"excerpt":{"rendered":"<p>Die seit Jahren bestehende erfolgreiche Zusammenarbeit zwischen der Beruflichen Oberschule Scheyern und drei Realschulen in der Region, n\u00e4mlich der Georg-Hipp-Realschule, der Realschule Geisenfeld und der Realschule am Keltenwall Manching, verspricht <a class=\"more-link\" href=\"https:\/\/bos-scheyern.de\/bo\/?p=5677\">weiterlesen<span class=\"screen-reader-text\">Kooperation zwischen der Beruflichen Oberschule Scheyern und Realschulen aus der Region wird weiter ausgebaut<\/span><span class=\"meta-nav\">\u2192<\/span><\/a><\/p>\n","protected":false},"author":14,"featured_media":5678,"comment_status":"closed","ping_status":"closed","sticky":false,"template":"","format":"standard","meta":[],"categories":[11],"tags":[],"_links":{"self":[{"href":"https:\/\/bos-scheyern.de\/bo\/index.php?rest_route=\/wp\/v2\/posts\/5677"}],"collection":[{"href":"https:\/\/bos-scheyern.de\/bo\/index.php?rest_route=\/wp\/v2\/posts"}],"about":[{"href":"https:\/\/bos-scheyern.de\/bo\/index.php?rest_route=\/wp\/v2\/types\/post"}],"author":[{"embeddable":true,"href":"https:\/\/bos-scheyern.de\/bo\/index.php?rest_route=\/wp\/v2\/users\/14"}],"replies":[{"embeddable":true,"href":"https:\/\/bos-scheyern.de\/bo\/index.php?rest_route=%2Fwp%2Fv2%2Fcomments&post=5677"}],"version-history":[{"count":1,"href":"https:\/\/bos-scheyern.de\/bo\/index.php?rest_route=\/wp\/v2\/posts\/5677\/revisions"}],"predecessor-version":[{"id":5679,"href":"https:\/\/bos-scheyern.de\/bo\/index.php?rest_route=\/wp\/v2\/posts\/5677\/revisions\/5679"}],"wp:featuredmedia":[{"embeddable":true,"href":"https:\/\/bos-scheyern.de\/bo\/index.php?rest_route=\/wp\/v2\/media\/5678"}],"wp:attachment":[{"href":"https:\/\/bos-scheyern.de\/bo\/index.php?rest_route=%2Fwp%2Fv2%2Fmedia&parent=5677"}],"wp:term":[{"taxonomy":"category","embeddable":true,"href":"https:\/\/bos-scheyern.de\/bo\/index.php?rest_route=%2Fwp%2Fv2%2Fcategories&post=5677"},{"taxonomy":"post_tag","embeddable":true,"href":"https:\/\/bos-scheyern.de\/bo\/index.php?rest_route=%2Fwp%2Fv2%2Ftags&post=5677"}],"curies":[{"name":"wp","href":"https:\/\/api.w.org\/{rel}","templated":true}]}}