{"id":5680,"date":"2023-10-27T14:50:20","date_gmt":"2023-10-27T12:50:20","guid":{"rendered":"https:\/\/bos-scheyern.de\/bo\/?p=5680"},"modified":"2023-10-27T14:51:03","modified_gmt":"2023-10-27T12:51:03","slug":"die-fos-scheyern-hat-gewaehlt-bei-der-juniorwahl-2023","status":"publish","type":"post","link":"https:\/\/bos-scheyern.de\/bo\/?p=5680","title":{"rendered":"Die FOS Scheyern hat gew\u00e4hlt \u2013 bei der Juniorwahl 2023"},"content":{"rendered":"\n<p><\/p>\n\n\n\n<figure class=\"wp-block-image size-large\"><img loading=\"lazy\" width=\"1024\" height=\"768\" src=\"https:\/\/bos-scheyern.de\/bo\/wp-content\/uploads\/2023\/10\/MicrosoftTeams-image-35-1024x768.jpeg\" alt=\"\" class=\"wp-image-5681\" srcset=\"https:\/\/bos-scheyern.de\/bo\/wp-content\/uploads\/2023\/10\/MicrosoftTeams-image-35-1024x768.jpeg 1024w, https:\/\/bos-scheyern.de\/bo\/wp-content\/uploads\/2023\/10\/MicrosoftTeams-image-35-300x225.jpeg 300w, https:\/\/bos-scheyern.de\/bo\/wp-content\/uploads\/2023\/10\/MicrosoftTeams-image-35-200x150.jpeg 200w, https:\/\/bos-scheyern.de\/bo\/wp-content\/uploads\/2023\/10\/MicrosoftTeams-image-35-768x576.jpeg 768w, https:\/\/bos-scheyern.de\/bo\/wp-content\/uploads\/2023\/10\/MicrosoftTeams-image-35-1536x1152.jpeg 1536w, https:\/\/bos-scheyern.de\/bo\/wp-content\/uploads\/2023\/10\/MicrosoftTeams-image-35-2048x1536.jpeg 2048w\" sizes=\"(max-width: 1024px) 100vw, 1024px\" \/><\/figure>\n\n\n\n<div style=\"height:20px\" aria-hidden=\"true\" class=\"wp-block-spacer\"><\/div>\n\n\n\n<p>\u201ePolitische Bildung ist ein wichtiger Schl\u00fcssel f\u00fcr nachwachsende Generationen \u00fcberzeugter Demokraten.\u201c<a href=\"#_ftn1\">[1]<\/a> \u2013 Im Rahmen der politischen Bildung an der FOSBOS Scheyern war es in Zusammenhang mit der Bezirks- und Landtagswahl 2023 f\u00fcr die Sch\u00fclerinnen und Sch\u00fcler der Jahrgangsstufen 11 und 12 erstmals m\u00f6glich, ihrer politischen Stimme Ausdruck zu verleihen. Die sogenannte Juniorwahl ist eine realistische Simulation, bei der Sch\u00fclerinnen und Sch\u00fcler erste eigene Erfahrungen mit demokratischen Wahlen machen k\u00f6nnen \u2013 auch, wenn sie noch keine 18 Jahre alt sind.\u00a0<\/p>\n\n\n\n<p>Unter der Leitung von Fachschaftsleiterin Frau Pausch und der Geschichte-\/PuG-Lehrkraft Frau Thalmeier waren die Lernenden ab Juni 2023 in einer vier Module umfassenden Einheit im Rahmen des Geschichts-\/PuG-Unterrichts auf die Stimmabgabe vorbereitet worden. In der Woche vor der Wahl, zwischen 2. und 5. Oktober, wagten die Sch\u00fclerInnen, ausgestattet mit Stimmzetteln und Stift, endlich den Gang zur Urne. Nach ausreichend Bedenkzeit und unter Einhaltung der Wahlrechts-grunds\u00e4tze <em>gleich, geheim, allgemein, unmittelbar und frei<\/em> w\u00e4hlten die Jugendlichen die Kandidaten bzw. die Parteien ihres Vertrauens im eigens dazu eingerichteten Wahllokal.&nbsp;&nbsp;<\/p>\n\n\n\n<p>Nach der Ausz\u00e4hlung, bei der auch einige Sch\u00fclerinnen als Wahlhelferinnen fungierten, wurden die an der FOSBOS Scheyern erzielten Resultate an die Verantwortlichen der Juniorwahl \u00fcbermittelt. Am Abend des 6. Oktober standen schlie\u00dflich die bayernweiten Ergebnisse fest. An den rund 800 teilnehmenden Schulen konnte eine Wahlbeteiligung von sensationellen 81,2% erzielt werden.&nbsp;<\/p>\n\n\n\n<p>Im Anschluss an die Bezirks- und Landtagswahl am 8. Oktober wurden die bayernweiten Ergebnisse zusammen mit denen der Juniorwahl im Eingangsbereich der FOSBOS pr\u00e4sentiert, sodass es den Sch\u00fclerInnen m\u00f6glich war, die Resultate beider Wahlen miteinander zu vergleichen und f\u00fcr sich selbst Bilanz zu ziehen.&nbsp;&nbsp;<\/p>\n\n\n\n<p>Text: StRin Magdalena Schnupfhagn&nbsp;<\/p>\n\n\n\n<div style=\"height:20px\" aria-hidden=\"true\" class=\"wp-block-spacer\"><\/div>\n\n\n\n<div class=\"wp-block-image\"><figure class=\"aligncenter size-full\"><img loading=\"lazy\" width=\"572\" height=\"279\" src=\"https:\/\/bos-scheyern.de\/bo\/wp-content\/uploads\/2023\/10\/grafik-2.png\" alt=\"\" class=\"wp-image-5682\" srcset=\"https:\/\/bos-scheyern.de\/bo\/wp-content\/uploads\/2023\/10\/grafik-2.png 572w, https:\/\/bos-scheyern.de\/bo\/wp-content\/uploads\/2023\/10\/grafik-2-300x146.png 300w\" sizes=\"(max-width: 572px) 100vw, 572px\" \/><\/figure><\/div>\n\n\n\n<hr class=\"wp-block-separator is-style-default\"\/>\n\n\n\n<p><a href=\"#_ftnref1\">[1]<\/a> juniorwahl.de, Online-Zugriff am 23.10.23.&nbsp;<\/p>\n","protected":false},"excerpt":{"rendered":"<p>\u201ePolitische Bildung ist ein wichtiger Schl\u00fcssel f\u00fcr nachwachsende Generationen \u00fcberzeugter Demokraten.\u201c[1] \u2013 Im Rahmen der politischen Bildung an der FOSBOS Scheyern war es in Zusammenhang mit der Bezirks- und Landtagswahl <a class=\"more-link\" href=\"https:\/\/bos-scheyern.de\/bo\/?p=5680\">weiterlesen<span class=\"screen-reader-text\">Die FOS Scheyern hat gew\u00e4hlt \u2013 bei der Juniorwahl 2023<\/span><span class=\"meta-nav\">\u2192<\/span><\/a><\/p>\n","protected":false},"author":14,"featured_media":5681,"comment_status":"closed","ping_status":"closed","sticky":false,"template":"","format":"standard","meta":[],"categories":[11],"tags":[],"_links":{"self":[{"href":"https:\/\/bos-scheyern.de\/bo\/index.php?rest_route=\/wp\/v2\/posts\/5680"}],"collection":[{"href":"https:\/\/bos-scheyern.de\/bo\/index.php?rest_route=\/wp\/v2\/posts"}],"about":[{"href":"https:\/\/bos-scheyern.de\/bo\/index.php?rest_route=\/wp\/v2\/types\/post"}],"author":[{"embeddable":true,"href":"https:\/\/bos-scheyern.de\/bo\/index.php?rest_route=\/wp\/v2\/users\/14"}],"replies":[{"embeddable":true,"href":"https:\/\/bos-scheyern.de\/bo\/index.php?rest_route=%2Fwp%2Fv2%2Fcomments&post=5680"}],"version-history":[{"count":2,"href":"https:\/\/bos-scheyern.de\/bo\/index.php?rest_route=\/wp\/v2\/posts\/5680\/revisions"}],"predecessor-version":[{"id":5684,"href":"https:\/\/bos-scheyern.de\/bo\/index.php?rest_route=\/wp\/v2\/posts\/5680\/revisions\/5684"}],"wp:featuredmedia":[{"embeddable":true,"href":"https:\/\/bos-scheyern.de\/bo\/index.php?rest_route=\/wp\/v2\/media\/5681"}],"wp:attachment":[{"href":"https:\/\/bos-scheyern.de\/bo\/index.php?rest_route=%2Fwp%2Fv2%2Fmedia&parent=5680"}],"wp:term":[{"taxonomy":"category","embeddable":true,"href":"https:\/\/bos-scheyern.de\/bo\/index.php?rest_route=%2Fwp%2Fv2%2Fcategories&post=5680"},{"taxonomy":"post_tag","embeddable":true,"href":"https:\/\/bos-scheyern.de\/bo\/index.php?rest_route=%2Fwp%2Fv2%2Ftags&post=5680"}],"curies":[{"name":"wp","href":"https:\/\/api.w.org\/{rel}","templated":true}]}}