{"id":5722,"date":"2023-12-21T14:33:02","date_gmt":"2023-12-21T13:33:02","guid":{"rendered":"https:\/\/bos-scheyern.de\/bo\/?p=5722"},"modified":"2023-12-21T14:33:04","modified_gmt":"2023-12-21T13:33:04","slug":"gemeinschaftliches-engagement-vor-weihnachten-fosbos-scheyern-spendet-an-die-pfaffenhofener-tafel","status":"publish","type":"post","link":"https:\/\/bos-scheyern.de\/bo\/?p=5722","title":{"rendered":"Gemeinschaftliches Engagement vor Weihnachten: FOSBOS Scheyern spendet an die \u201ePfaffenhofener Tafel\u201c"},"content":{"rendered":"\n<div class=\"wp-block-image\"><figure class=\"aligncenter size-large\"><img loading=\"lazy\" width=\"1024\" height=\"683\" src=\"https:\/\/bos-scheyern.de\/bo\/wp-content\/uploads\/2023\/12\/IMG_8530-1024x683.jpg\" alt=\"\" class=\"wp-image-5723\" srcset=\"https:\/\/bos-scheyern.de\/bo\/wp-content\/uploads\/2023\/12\/IMG_8530-1024x683.jpg 1024w, https:\/\/bos-scheyern.de\/bo\/wp-content\/uploads\/2023\/12\/IMG_8530-300x200.jpg 300w, https:\/\/bos-scheyern.de\/bo\/wp-content\/uploads\/2023\/12\/IMG_8530-768x512.jpg 768w, https:\/\/bos-scheyern.de\/bo\/wp-content\/uploads\/2023\/12\/IMG_8530-1536x1024.jpg 1536w, https:\/\/bos-scheyern.de\/bo\/wp-content\/uploads\/2023\/12\/IMG_8530-2048x1365.jpg 2048w\" sizes=\"(max-width: 1024px) 100vw, 1024px\" \/><\/figure><\/div>\n\n\n\n<p><br>In einer vorweihnachtlichen Geste der Solidarit\u00e4t und N\u00e4chstenliebe hat die SMV der FOSBOS Scheyern im Dezember eine Spendenaktion zugunsten der \u201ePfaffenhofen Tafel\u201c initiiert. Die Sch\u00fclerinnen und Sch\u00fcler der Schule haben in ihren jeweiligen Klassen liebevoll verpackte Pakete mit nichtverderblichen Grundnahrungsmitteln sowie Hygieneartikeln, darunter Shampoo und Zahnb\u00fcrsten, gesammelt und gespendet.<br>Die \u201eTafel\u201c in Pfaffenhofen spielt seit 2003 eine entscheidende Rolle bei der lokalen Unterst\u00fctzung bed\u00fcrftiger Gemeindemitglieder. Denn die ehrenamtlichen Mitglieder sammeln und verteilen noch verzehrf\u00e4hige Nahrungsmittel an bed\u00fcrftige Menschen aus dem s\u00fcdlichen Landkreis. Angesichts der gestiegenen Lebensmittelpreise und Teuerungen der Energietr\u00e4ger sind viele Menschen auf diese Unterst\u00fctzung ma\u00dfgeblich angewiesen. Die Pakete der FOSBOS Scheyern werden daher zweifellos dazu beitragen, das Leben vieler Menschen in der Region in dieser festlichen Jahreszeit etwas zu erleichtern.<\/p>\n","protected":false},"excerpt":{"rendered":"<p>In einer vorweihnachtlichen Geste der Solidarit\u00e4t und N\u00e4chstenliebe hat die SMV der FOSBOS Scheyern im Dezember eine Spendenaktion zugunsten der \u201ePfaffenhofen Tafel\u201c initiiert. Die Sch\u00fclerinnen und Sch\u00fcler der Schule haben <a class=\"more-link\" href=\"https:\/\/bos-scheyern.de\/bo\/?p=5722\">weiterlesen<span class=\"screen-reader-text\">Gemeinschaftliches Engagement vor Weihnachten: FOSBOS Scheyern spendet an die \u201ePfaffenhofener Tafel\u201c<\/span><span class=\"meta-nav\">\u2192<\/span><\/a><\/p>\n","protected":false},"author":14,"featured_media":5723,"comment_status":"closed","ping_status":"closed","sticky":false,"template":"","format":"standard","meta":[],"categories":[11],"tags":[],"_links":{"self":[{"href":"https:\/\/bos-scheyern.de\/bo\/index.php?rest_route=\/wp\/v2\/posts\/5722"}],"collection":[{"href":"https:\/\/bos-scheyern.de\/bo\/index.php?rest_route=\/wp\/v2\/posts"}],"about":[{"href":"https:\/\/bos-scheyern.de\/bo\/index.php?rest_route=\/wp\/v2\/types\/post"}],"author":[{"embeddable":true,"href":"https:\/\/bos-scheyern.de\/bo\/index.php?rest_route=\/wp\/v2\/users\/14"}],"replies":[{"embeddable":true,"href":"https:\/\/bos-scheyern.de\/bo\/index.php?rest_route=%2Fwp%2Fv2%2Fcomments&post=5722"}],"version-history":[{"count":1,"href":"https:\/\/bos-scheyern.de\/bo\/index.php?rest_route=\/wp\/v2\/posts\/5722\/revisions"}],"predecessor-version":[{"id":5724,"href":"https:\/\/bos-scheyern.de\/bo\/index.php?rest_route=\/wp\/v2\/posts\/5722\/revisions\/5724"}],"wp:featuredmedia":[{"embeddable":true,"href":"https:\/\/bos-scheyern.de\/bo\/index.php?rest_route=\/wp\/v2\/media\/5723"}],"wp:attachment":[{"href":"https:\/\/bos-scheyern.de\/bo\/index.php?rest_route=%2Fwp%2Fv2%2Fmedia&parent=5722"}],"wp:term":[{"taxonomy":"category","embeddable":true,"href":"https:\/\/bos-scheyern.de\/bo\/index.php?rest_route=%2Fwp%2Fv2%2Fcategories&post=5722"},{"taxonomy":"post_tag","embeddable":true,"href":"https:\/\/bos-scheyern.de\/bo\/index.php?rest_route=%2Fwp%2Fv2%2Ftags&post=5722"}],"curies":[{"name":"wp","href":"https:\/\/api.w.org\/{rel}","templated":true}]}}