{"id":5736,"date":"2023-12-22T10:24:47","date_gmt":"2023-12-22T09:24:47","guid":{"rendered":"https:\/\/bos-scheyern.de\/bo\/?p=5736"},"modified":"2023-12-22T10:44:16","modified_gmt":"2023-12-22T09:44:16","slug":"aktion-der-fosbos-scheyern-anlaesslich-des-75-jaehrigen-bestehens-der-erklaerung-der-menschenrechte-in-den-medien","status":"publish","type":"post","link":"https:\/\/bos-scheyern.de\/bo\/?p=5736","title":{"rendered":"Aktion der FOSBOS Scheyern anl\u00e4sslich des 75-j\u00e4hrigen Bestehens der Erkl\u00e4rung der Menschenrechte"},"content":{"rendered":"\n<p>Lesen Sie dazu den folgenden Artikel auf den Internetseiten des Landratsamts Pfaffenhofen: <\/p>\n\n\n\n<div class=\"wp-block-buttons\">\n<div class=\"wp-block-button is-style-outline\"><a class=\"wp-block-button__link\" href=\"https:\/\/www.landkreis-pfaffenhofen.de\/alle-meldungen\/fosbos-scheyern-und-georg-hipp-realschule-feiern-menschenrechte\/\" style=\"border-radius:10px\">Zum Artikel<\/a><\/div>\n<\/div>\n","protected":false},"excerpt":{"rendered":"<p>Lesen Sie dazu den folgenden Artikel auf den Internetseiten des Landratsamts Pfaffenhofen:<\/p>\n","protected":false},"author":14,"featured_media":0,"comment_status":"closed","ping_status":"closed","sticky":false,"template":"","format":"standard","meta":[],"categories":[11],"tags":[],"_links":{"self":[{"href":"https:\/\/bos-scheyern.de\/bo\/index.php?rest_route=\/wp\/v2\/posts\/5736"}],"collection":[{"href":"https:\/\/bos-scheyern.de\/bo\/index.php?rest_route=\/wp\/v2\/posts"}],"about":[{"href":"https:\/\/bos-scheyern.de\/bo\/index.php?rest_route=\/wp\/v2\/types\/post"}],"author":[{"embeddable":true,"href":"https:\/\/bos-scheyern.de\/bo\/index.php?rest_route=\/wp\/v2\/users\/14"}],"replies":[{"embeddable":true,"href":"https:\/\/bos-scheyern.de\/bo\/index.php?rest_route=%2Fwp%2Fv2%2Fcomments&post=5736"}],"version-history":[{"count":3,"href":"https:\/\/bos-scheyern.de\/bo\/index.php?rest_route=\/wp\/v2\/posts\/5736\/revisions"}],"predecessor-version":[{"id":5739,"href":"https:\/\/bos-scheyern.de\/bo\/index.php?rest_route=\/wp\/v2\/posts\/5736\/revisions\/5739"}],"wp:attachment":[{"href":"https:\/\/bos-scheyern.de\/bo\/index.php?rest_route=%2Fwp%2Fv2%2Fmedia&parent=5736"}],"wp:term":[{"taxonomy":"category","embeddable":true,"href":"https:\/\/bos-scheyern.de\/bo\/index.php?rest_route=%2Fwp%2Fv2%2Fcategories&post=5736"},{"taxonomy":"post_tag","embeddable":true,"href":"https:\/\/bos-scheyern.de\/bo\/index.php?rest_route=%2Fwp%2Fv2%2Ftags&post=5736"}],"curies":[{"name":"wp","href":"https:\/\/api.w.org\/{rel}","templated":true}]}}